{"id":164102,"date":"2026-04-30T20:05:29","date_gmt":"2026-04-30T20:05:29","guid":{"rendered":"https:\/\/celticorthodoxy.com\/?p=127717"},"modified":"2026-04-30T20:05:32","modified_gmt":"2026-04-30T20:05:32","slug":"royal-is-my-race-clan-gregor-siol-alpine-pictish-moray-origins","status":"publish","type":"post","link":"https:\/\/watchman.news\/nl\/2026\/04\/royal-is-my-race-clan-gregor-siol-alpine-pictish-moray-origins\/","title":{"rendered":"Royal Is My Race: Clan Gregor, Siol Alpine, and the Pictish-Moray Origins of a Highland Dynasty"},"content":{"rendered":"<h2 data-section-id=\"q0kflq\" data-start=\"1390\" data-end=\"1453\"><img decoding=\"async\" class=\"wp-image-126596 alignnone size-full\" src=\"https:\/\/watchman.news\/wp-content\/uploads\/2026\/04\/image-1-1.png\" alt=\"\" width=\"1656\" height=\"778\" \/>Upcoming Article:<\/h2>\n<p data-start=\"200\" data-end=\"724\">The ancient motto of Clan Gregor, <strong data-start=\"255\" data-end=\"303\">\u201c\u2019S Rioghal Mo Dhream\u201d \u2014 \u201cRoyal is my race,\u201d<\/strong> has often been explained through the clan\u2019s place among the <strong data-start=\"364\" data-end=\"379\">Siol Alpine<\/strong>, those Highland kindreds traditionally said to descend from Kenneth MacAlpin. Yet older clan histories are careful: they affirm the MacGregors as one of the purest Celtic tribes of Scotland and acknowledge their ancient claim to regal origin, while also admitting that a literal descent from Alpin or Kenneth MacAlpin cannot be securely traced.<\/p>\n<p data-start=\"726\" data-end=\"1357\">This is where the deeper question begins. If the MacGregor royal claim is real but not easily proven through the standard MacAlpin pedigree, then perhaps the clan\u2019s memory points to an older and more complex royal inheritance: the Pictish-Moray line, the reign of Giric mac D\u00fangal, and the wider Gaelic royal traditions of D\u00e1l Riata and Ireland. Rather than forcing all evidence into a single simplified genealogy, this study follows the strands separately \u2014 MacGregor tradition, Siol Alpine claims, Moray history, Cen\u00e9l Loairn, and the ancient Irish royal lines \u2014 to ask whether they preserve a harmonized memory of royal descent.<\/p>\n<h2 data-section-id=\"q0kflq\" data-start=\"1390\" data-end=\"1453\">\nIntroduction: \u201cRoyal Is My Race\u201d and the Question of Origins<\/h2>\n<p data-start=\"1455\" data-end=\"1794\">Clan Gregor has long carried one of the boldest mottos in Highland tradition: <strong data-start=\"1533\" data-end=\"1560\">\u201c\u2019S Rioghal Mo Dhream,\u201d<\/strong> commonly rendered, <strong data-start=\"1580\" data-end=\"1603\">\u201cRoyal is my race.\u201d<\/strong> This was no casual family saying. It expressed a remembered claim that the MacGregors belonged to an ancient royal stock, older than their later misfortunes, persecutions, and loss of lands.<\/p>\n<p data-start=\"1796\" data-end=\"2497\">A useful starting point is found in <em data-start=\"1832\" data-end=\"1908\">A History of the Scottish Highlands, Highland Clans and Highland Regiments<\/em>, which places the MacGregors among the <strong data-start=\"1948\" data-end=\"1963\">Siol Alpine<\/strong>, the group of clans traditionally supposed to descend from Kenneth MacAlpin. Yet the same source is careful, even cautious. It says that the validity of this \u201clofty pretension\u201d had been disputed, and that the Siol Alpine clans were never truly united under one common chief. Still, it immediately identifies the MacGregors as the principal clan of that group and describes them as \u201cone of the purest of all the Celtic tribes,\u201d with direct descent from the ancient Celtic inhabitants of Scotland.<\/p>\n<p data-start=\"2499\" data-end=\"2969\">This gives us the central problem and the central opportunity. The MacGregor claim to royal origin was not invented out of nothing; it was deeply rooted in clan memory and repeated in Highland historical literature. But the usual explanation \u2014 descent from Alpin, Kenneth MacAlpin, or a son named Griogar \u2014 is not easy to prove in a strict documentary chain. The older writers themselves admitted this difficulty. They preserved the claim, but also acknowledged the gap.<\/p>\n<p data-start=\"2971\" data-end=\"3364\">The purpose of this study is therefore not to flatten the MacGregor tradition into a single oversimplified pedigree. Instead, it asks whether the royal memory of Clan Gregor may preserve several converging strands: the Siol Alpine tradition, the Pictish-Moray dynasty, the figure of Giric or Gregory mac D\u00fangal, and the deeper Irish-Scottish kindreds connected with D\u00e1l Riata and Cen\u00e9l Loairn.<\/p>\n<p data-start=\"3366\" data-end=\"3915\">That approach allows us to take the clan motto seriously without pretending that every medieval genealogy is equally certain. Some evidence belongs to recorded history; some belongs to clan tradition; some belongs to royal memory; and some belongs to the older legendary framework of Irish origins. When read together, however, these traditions may preserve a more coherent picture than is usually admitted: Clan Gregor\u2019s royal claim may not be merely MacAlpin in the narrow sense, but part of a broader Pictish, Gaelic, and Irish royal inheritance.<\/p>","protected":false},"excerpt":{"rendered":"<p>Upcoming Article: The ancient motto of Clan Gregor, \u201c\u2019S Rioghal Mo Dhream\u201d \u2014 \u201cRoyal is my race,\u201d has often been explained through the clan\u2019s place among the Siol Alpine, those Highland kindreds traditionally said to descend from Kenneth MacAlpin. Yet older clan histories are careful: they affirm the MacGregors as one of the purest Celtic [&hellip;]<\/p>\n","protected":false},"author":6,"featured_media":164103,"comment_status":"closed","ping_status":"closed","sticky":false,"template":"","format":"standard","meta":{"seo_booster_metabox":"","footnotes":""},"categories":[4274,210,3598,3689,3571,3582,3553,3597,3565,3568,3572,3567,3586,3587,3585,3583,31,3563,3575],"tags":[2993,614,4049,4310,3931,865,4311,4312,4313,4314,4052,4315,4039,1095,4316,4317],"class_list":["post-164102","post","type-post","status-publish","format-standard","has-post-thumbnail","hentry","category-active-notes-of-st-andrews-occ","category-christian-israel-tribes-british-theology","category-from-the-desk-of-our-primace","category-good-news-of-the-kingdom","category-law-institute","category-legitimist-philosophy","category-literature","category-news","category-order-establishments","category-peace-institute","category-perpetual-confederation","category-priory-of-salem","category-protectorates","category-public-representation","category-royal-noble","category-sovereignty-intl-law","category-special-reports","category-templar","category-usurped-incorporated-states","tag-ancient-irish-history","tag-celtic","tag-celtic-dynasty","tag-clan-macgregor","tag-clans","tag-culdees","tag-gaelic","tag-gregor","tag-king-giric","tag-macalpin","tag-macgregor","tag-moray","tag-oneill","tag-orthodox-church-of-the-culdees","tag-picts","tag-siol-alpine"],"yoast_head":"<!-- This site is optimized with the Yoast SEO plugin v27.2 - https:\/\/yoast.com\/product\/yoast-seo-wordpress\/ -->\n<title>Royal Is My Race: Clan Gregor, Siol Alpine, and the Pictish-Moray Origins of a Highland Dynasty - Watchman News<\/title>\n<meta name=\"robots\" content=\"index, follow, max-snippet:-1, max-image-preview:large, max-video-preview:-1\" \/>\n<link rel=\"canonical\" href=\"https:\/\/watchman.news\/nl\/2026\/04\/royal-is-my-race-clan-gregor-siol-alpine-pictish-moray-origins\/\" \/>\n<meta property=\"og:locale\" content=\"nl_NL\" \/>\n<meta property=\"og:type\" content=\"article\" \/>\n<meta property=\"og:title\" content=\"Royal Is My Race: Clan Gregor, Siol Alpine, and the Pictish-Moray Origins of a Highland Dynasty - Watchman News\" \/>\n<meta property=\"og:description\" content=\"Upcoming Article: The ancient motto of Clan Gregor, \u201c\u2019S Rioghal Mo Dhream\u201d \u2014 \u201cRoyal is my race,\u201d has often been explained through the clan\u2019s place among the Siol Alpine, those Highland kindreds traditionally said to descend from Kenneth MacAlpin. Yet older clan histories are careful: they affirm the MacGregors as one of the purest Celtic [&hellip;]\" \/>\n<meta property=\"og:url\" content=\"https:\/\/watchman.news\/nl\/2026\/04\/royal-is-my-race-clan-gregor-siol-alpine-pictish-moray-origins\/\" \/>\n<meta property=\"og:site_name\" content=\"Watchman News\" \/>\n<meta property=\"article:author\" content=\"https:\/\/www.facebook.com\/OrthodoxChurchoftheCuldees\" \/>\n<meta property=\"article:published_time\" content=\"2026-04-30T20:05:29+00:00\" \/>\n<meta property=\"article:modified_time\" content=\"2026-04-30T20:05:32+00:00\" \/>\n<meta property=\"og:image\" content=\"https:\/\/watchman.news\/wp-content\/uploads\/2026\/04\/macgregor-siol.jpg\" \/>\n\t<meta property=\"og:image:width\" content=\"828\" \/>\n\t<meta property=\"og:image:height\" content=\"389\" \/>\n\t<meta property=\"og:image:type\" content=\"image\/jpeg\" \/>\n<meta name=\"author\" content=\"Office of the Primace\" \/>\n<meta name=\"twitter:card\" content=\"summary_large_image\" \/>\n<meta name=\"twitter:creator\" content=\"@https:\/\/twitter.com\/RevDrBrunswick\" \/>\n<meta name=\"twitter:label1\" content=\"Geschreven door\" \/>\n\t<meta name=\"twitter:data1\" content=\"Office of the Primace\" \/>\n\t<meta name=\"twitter:label2\" content=\"Geschatte leestijd\" \/>\n\t<meta name=\"twitter:data2\" content=\"3 minuten\" \/>\n<script type=\"application\/ld+json\" class=\"yoast-schema-graph\">{\"@context\":\"https:\/\/schema.org\",\"@graph\":[{\"@type\":\"Article\",\"@id\":\"https:\/\/watchman.news\/2026\/04\/royal-is-my-race-clan-gregor-siol-alpine-pictish-moray-origins\/#article\",\"isPartOf\":{\"@id\":\"https:\/\/watchman.news\/2026\/04\/royal-is-my-race-clan-gregor-siol-alpine-pictish-moray-origins\/\"},\"author\":{\"name\":\"Office of the Primace\",\"@id\":\"https:\/\/watchman.news\/#\/schema\/person\/89e058d36018906a5addc65ebc35217a\"},\"headline\":\"Royal Is My Race: Clan Gregor, Siol Alpine, and the Pictish-Moray Origins of a Highland Dynasty\",\"datePublished\":\"2026-04-30T20:05:29+00:00\",\"dateModified\":\"2026-04-30T20:05:32+00:00\",\"mainEntityOfPage\":{\"@id\":\"https:\/\/watchman.news\/2026\/04\/royal-is-my-race-clan-gregor-siol-alpine-pictish-moray-origins\/\"},\"wordCount\":596,\"image\":{\"@id\":\"https:\/\/watchman.news\/2026\/04\/royal-is-my-race-clan-gregor-siol-alpine-pictish-moray-origins\/#primaryimage\"},\"thumbnailUrl\":\"https:\/\/watchman.news\/wp-content\/uploads\/2026\/04\/macgregor-siol.jpg\",\"keywords\":[\"ancient irish history\",\"celtic\",\"celtic dynasty\",\"clan macgregor\",\"clans\",\"culdees\",\"gaelic\",\"gregor\",\"king giric\",\"macalpin\",\"macgregor\",\"moray\",\"oneill\",\"orthodox church of the culdees\",\"picts\",\"siol alpine\"],\"articleSection\":[\"Active Notes of St Andrew\u2019s OCC\",\"Christian Israel: Tribal &amp; Theological\",\"From the Desk of our Primace\",\"Good News of the Kingdom\",\"Law Institute\",\"Legitimist Philosophy\",\"Literature\",\"News\",\"Order Establishments\",\"Peace Institute\",\"Perpetual Confederation (for Christ)\",\"Priory of Salem\",\"Protectorates\",\"Public Representation\",\"Royal &amp; Noble\",\"Sovereignty &amp; Intl. Law\",\"Special Reports\",\"Templar\",\"Usurped Incorporated States\"],\"inLanguage\":\"nl-NL\"},{\"@type\":\"WebPage\",\"@id\":\"https:\/\/watchman.news\/2026\/04\/royal-is-my-race-clan-gregor-siol-alpine-pictish-moray-origins\/\",\"url\":\"https:\/\/watchman.news\/2026\/04\/royal-is-my-race-clan-gregor-siol-alpine-pictish-moray-origins\/\",\"name\":\"Royal Is My Race: Clan Gregor, Siol Alpine, and the Pictish-Moray Origins of a Highland Dynasty - Watchman News\",\"isPartOf\":{\"@id\":\"https:\/\/watchman.news\/#website\"},\"primaryImageOfPage\":{\"@id\":\"https:\/\/watchman.news\/2026\/04\/royal-is-my-race-clan-gregor-siol-alpine-pictish-moray-origins\/#primaryimage\"},\"image\":{\"@id\":\"https:\/\/watchman.news\/2026\/04\/royal-is-my-race-clan-gregor-siol-alpine-pictish-moray-origins\/#primaryimage\"},\"thumbnailUrl\":\"https:\/\/watchman.news\/wp-content\/uploads\/2026\/04\/macgregor-siol.jpg\",\"datePublished\":\"2026-04-30T20:05:29+00:00\",\"dateModified\":\"2026-04-30T20:05:32+00:00\",\"author\":{\"@id\":\"https:\/\/watchman.news\/#\/schema\/person\/89e058d36018906a5addc65ebc35217a\"},\"breadcrumb\":{\"@id\":\"https:\/\/watchman.news\/2026\/04\/royal-is-my-race-clan-gregor-siol-alpine-pictish-moray-origins\/#breadcrumb\"},\"inLanguage\":\"nl-NL\",\"potentialAction\":[{\"@type\":\"ReadAction\",\"target\":[\"https:\/\/watchman.news\/2026\/04\/royal-is-my-race-clan-gregor-siol-alpine-pictish-moray-origins\/\"]}]},{\"@type\":\"ImageObject\",\"inLanguage\":\"nl-NL\",\"@id\":\"https:\/\/watchman.news\/2026\/04\/royal-is-my-race-clan-gregor-siol-alpine-pictish-moray-origins\/#primaryimage\",\"url\":\"https:\/\/watchman.news\/wp-content\/uploads\/2026\/04\/macgregor-siol.jpg\",\"contentUrl\":\"https:\/\/watchman.news\/wp-content\/uploads\/2026\/04\/macgregor-siol.jpg\",\"width\":828,\"height\":389},{\"@type\":\"BreadcrumbList\",\"@id\":\"https:\/\/watchman.news\/2026\/04\/royal-is-my-race-clan-gregor-siol-alpine-pictish-moray-origins\/#breadcrumb\",\"itemListElement\":[{\"@type\":\"ListItem\",\"position\":1,\"name\":\"Home\",\"item\":\"https:\/\/watchman.news\/\"},{\"@type\":\"ListItem\",\"position\":2,\"name\":\"Royal Is My Race: Clan Gregor, Siol Alpine, and the Pictish-Moray Origins of a Highland Dynasty\"}]},{\"@type\":\"WebSite\",\"@id\":\"https:\/\/watchman.news\/#website\",\"url\":\"https:\/\/watchman.news\/\",\"name\":\"Watchman News\",\"description\":\"News of Importance for the True Christian Israel\",\"potentialAction\":[{\"@type\":\"SearchAction\",\"target\":{\"@type\":\"EntryPoint\",\"urlTemplate\":\"https:\/\/watchman.news\/?s={search_term_string}\"},\"query-input\":{\"@type\":\"PropertyValueSpecification\",\"valueRequired\":true,\"valueName\":\"search_term_string\"}}],\"inLanguage\":\"nl-NL\"},{\"@type\":\"Person\",\"@id\":\"https:\/\/watchman.news\/#\/schema\/person\/89e058d36018906a5addc65ebc35217a\",\"name\":\"Office of the Primace\",\"image\":{\"@type\":\"ImageObject\",\"inLanguage\":\"nl-NL\",\"@id\":\"https:\/\/secure.gravatar.com\/avatar\/99f25e7a8882d137e2bb163d6ca54d83b2f85c87618faabfe4408b413a1ab183?s=96&d=mm&r=g\",\"url\":\"https:\/\/secure.gravatar.com\/avatar\/99f25e7a8882d137e2bb163d6ca54d83b2f85c87618faabfe4408b413a1ab183?s=96&d=mm&r=g\",\"contentUrl\":\"https:\/\/secure.gravatar.com\/avatar\/99f25e7a8882d137e2bb163d6ca54d83b2f85c87618faabfe4408b413a1ab183?s=96&d=mm&r=g\",\"caption\":\"Office of the Primace\"},\"description\":\"Help our thousands of articles and books gain reputation in the search engines by linking to our articles also via our social platforms: Orthodox Celtic Church on Facebook Orthodox Celtic Church on tumblr Orthodox Celtic Church on Twitter Orthodox Celtic Church on Quora Orthodox Celtic Church on Mewe Orthodox Celtic Church on reddit Orthodox Celtic Church NEW GROUP on reddit\",\"sameAs\":[\"https:\/\/www.facebook.com\/OrthodoxChurchoftheCuldees\",\"https:\/\/www.instagram.com\/thebrunswickers\/\",\"https:\/\/www.pinterest.com\/stephenmkb\/st-andrews-st-josephs-occ\/\",\"https:\/\/x.com\/https:\/\/twitter.com\/RevDrBrunswick\",\"http:\/\/youtube.com\/thebrunswickers\",\"https:\/\/orthodox-celtic-church.tumblr.com\/\"],\"url\":\"https:\/\/watchman.news\/nl\/author\/rev-sm\/\"}]}<\/script>\n<!-- \/ Yoast SEO plugin. -->","yoast_head_json":{"title":"Royal Is My Race: Clan Gregor, Siol Alpine, and the Pictish-Moray Origins of a Highland Dynasty - Watchman News","robots":{"index":"index","follow":"follow","max-snippet":"max-snippet:-1","max-image-preview":"max-image-preview:large","max-video-preview":"max-video-preview:-1"},"canonical":"https:\/\/watchman.news\/nl\/2026\/04\/royal-is-my-race-clan-gregor-siol-alpine-pictish-moray-origins\/","og_locale":"nl_NL","og_type":"article","og_title":"Royal Is My Race: Clan Gregor, Siol Alpine, and the Pictish-Moray Origins of a Highland Dynasty - Watchman News","og_description":"Upcoming Article: The ancient motto of Clan Gregor, \u201c\u2019S Rioghal Mo Dhream\u201d \u2014 \u201cRoyal is my race,\u201d has often been explained through the clan\u2019s place among the Siol Alpine, those Highland kindreds traditionally said to descend from Kenneth MacAlpin. Yet older clan histories are careful: they affirm the MacGregors as one of the purest Celtic [&hellip;]","og_url":"https:\/\/watchman.news\/nl\/2026\/04\/royal-is-my-race-clan-gregor-siol-alpine-pictish-moray-origins\/","og_site_name":"Watchman News","article_author":"https:\/\/www.facebook.com\/OrthodoxChurchoftheCuldees","article_published_time":"2026-04-30T20:05:29+00:00","article_modified_time":"2026-04-30T20:05:32+00:00","og_image":[{"width":828,"height":389,"url":"https:\/\/watchman.news\/wp-content\/uploads\/2026\/04\/macgregor-siol.jpg","type":"image\/jpeg"}],"author":"Office of the Primace","twitter_card":"summary_large_image","twitter_creator":"@https:\/\/twitter.com\/RevDrBrunswick","twitter_misc":{"Geschreven door":"Office of the Primace","Geschatte leestijd":"3 minuten"},"schema":{"@context":"https:\/\/schema.org","@graph":[{"@type":"Article","@id":"https:\/\/watchman.news\/2026\/04\/royal-is-my-race-clan-gregor-siol-alpine-pictish-moray-origins\/#article","isPartOf":{"@id":"https:\/\/watchman.news\/2026\/04\/royal-is-my-race-clan-gregor-siol-alpine-pictish-moray-origins\/"},"author":{"name":"Office of the Primace","@id":"https:\/\/watchman.news\/#\/schema\/person\/89e058d36018906a5addc65ebc35217a"},"headline":"Royal Is My Race: Clan Gregor, Siol Alpine, and the Pictish-Moray Origins of a Highland Dynasty","datePublished":"2026-04-30T20:05:29+00:00","dateModified":"2026-04-30T20:05:32+00:00","mainEntityOfPage":{"@id":"https:\/\/watchman.news\/2026\/04\/royal-is-my-race-clan-gregor-siol-alpine-pictish-moray-origins\/"},"wordCount":596,"image":{"@id":"https:\/\/watchman.news\/2026\/04\/royal-is-my-race-clan-gregor-siol-alpine-pictish-moray-origins\/#primaryimage"},"thumbnailUrl":"https:\/\/watchman.news\/wp-content\/uploads\/2026\/04\/macgregor-siol.jpg","keywords":["ancient irish history","celtic","celtic dynasty","clan macgregor","clans","culdees","gaelic","gregor","king giric","macalpin","macgregor","moray","oneill","orthodox church of the culdees","picts","siol alpine"],"articleSection":["Active Notes of St Andrew\u2019s OCC","Christian Israel: Tribal &amp; Theological","From the Desk of our Primace","Good News of the Kingdom","Law Institute","Legitimist Philosophy","Literature","News","Order Establishments","Peace Institute","Perpetual Confederation (for Christ)","Priory of Salem","Protectorates","Public Representation","Royal &amp; Noble","Sovereignty &amp; Intl. Law","Special Reports","Templar","Usurped Incorporated States"],"inLanguage":"nl-NL"},{"@type":"WebPage","@id":"https:\/\/watchman.news\/2026\/04\/royal-is-my-race-clan-gregor-siol-alpine-pictish-moray-origins\/","url":"https:\/\/watchman.news\/2026\/04\/royal-is-my-race-clan-gregor-siol-alpine-pictish-moray-origins\/","name":"Royal Is My Race: Clan Gregor, Siol Alpine, and the Pictish-Moray Origins of a Highland Dynasty - Watchman News","isPartOf":{"@id":"https:\/\/watchman.news\/#website"},"primaryImageOfPage":{"@id":"https:\/\/watchman.news\/2026\/04\/royal-is-my-race-clan-gregor-siol-alpine-pictish-moray-origins\/#primaryimage"},"image":{"@id":"https:\/\/watchman.news\/2026\/04\/royal-is-my-race-clan-gregor-siol-alpine-pictish-moray-origins\/#primaryimage"},"thumbnailUrl":"https:\/\/watchman.news\/wp-content\/uploads\/2026\/04\/macgregor-siol.jpg","datePublished":"2026-04-30T20:05:29+00:00","dateModified":"2026-04-30T20:05:32+00:00","author":{"@id":"https:\/\/watchman.news\/#\/schema\/person\/89e058d36018906a5addc65ebc35217a"},"breadcrumb":{"@id":"https:\/\/watchman.news\/2026\/04\/royal-is-my-race-clan-gregor-siol-alpine-pictish-moray-origins\/#breadcrumb"},"inLanguage":"nl-NL","potentialAction":[{"@type":"ReadAction","target":["https:\/\/watchman.news\/2026\/04\/royal-is-my-race-clan-gregor-siol-alpine-pictish-moray-origins\/"]}]},{"@type":"ImageObject","inLanguage":"nl-NL","@id":"https:\/\/watchman.news\/2026\/04\/royal-is-my-race-clan-gregor-siol-alpine-pictish-moray-origins\/#primaryimage","url":"https:\/\/watchman.news\/wp-content\/uploads\/2026\/04\/macgregor-siol.jpg","contentUrl":"https:\/\/watchman.news\/wp-content\/uploads\/2026\/04\/macgregor-siol.jpg","width":828,"height":389},{"@type":"BreadcrumbList","@id":"https:\/\/watchman.news\/2026\/04\/royal-is-my-race-clan-gregor-siol-alpine-pictish-moray-origins\/#breadcrumb","itemListElement":[{"@type":"ListItem","position":1,"name":"Home","item":"https:\/\/watchman.news\/"},{"@type":"ListItem","position":2,"name":"Royal Is My Race: Clan Gregor, Siol Alpine, and the Pictish-Moray Origins of a Highland Dynasty"}]},{"@type":"WebSite","@id":"https:\/\/watchman.news\/#website","url":"https:\/\/watchman.news\/","name":"Watchman Nieuws","description":"News of Importance for the True Christian Israel","potentialAction":[{"@type":"SearchAction","target":{"@type":"EntryPoint","urlTemplate":"https:\/\/watchman.news\/?s={search_term_string}"},"query-input":{"@type":"PropertyValueSpecification","valueRequired":true,"valueName":"search_term_string"}}],"inLanguage":"nl-NL"},{"@type":"Person","@id":"https:\/\/watchman.news\/#\/schema\/person\/89e058d36018906a5addc65ebc35217a","name":"Bureau van de Primace","image":{"@type":"ImageObject","inLanguage":"nl-NL","@id":"https:\/\/secure.gravatar.com\/avatar\/99f25e7a8882d137e2bb163d6ca54d83b2f85c87618faabfe4408b413a1ab183?s=96&d=mm&r=g","url":"https:\/\/secure.gravatar.com\/avatar\/99f25e7a8882d137e2bb163d6ca54d83b2f85c87618faabfe4408b413a1ab183?s=96&d=mm&r=g","contentUrl":"https:\/\/secure.gravatar.com\/avatar\/99f25e7a8882d137e2bb163d6ca54d83b2f85c87618faabfe4408b413a1ab183?s=96&d=mm&r=g","caption":"Office of the Primace"},"description":"Help our thousands of articles and books gain reputation in the search engines by linking to our articles also via our social platforms: Orthodox Celtic Church on Facebook Orthodox Celtic Church on tumblr Orthodox Celtic Church on Twitter Orthodox Celtic Church on Quora Orthodox Celtic Church on Mewe Orthodox Celtic Church on reddit Orthodox Celtic Church NEW GROUP on reddit","sameAs":["https:\/\/www.facebook.com\/OrthodoxChurchoftheCuldees","https:\/\/www.instagram.com\/thebrunswickers\/","https:\/\/www.pinterest.com\/stephenmkb\/st-andrews-st-josephs-occ\/","https:\/\/x.com\/https:\/\/twitter.com\/RevDrBrunswick","http:\/\/youtube.com\/thebrunswickers","https:\/\/orthodox-celtic-church.tumblr.com\/"],"url":"https:\/\/watchman.news\/nl\/author\/rev-sm\/"}]}},"_links":{"self":[{"href":"https:\/\/watchman.news\/nl\/wp-json\/wp\/v2\/posts\/164102","targetHints":{"allow":["GET"]}}],"collection":[{"href":"https:\/\/watchman.news\/nl\/wp-json\/wp\/v2\/posts"}],"about":[{"href":"https:\/\/watchman.news\/nl\/wp-json\/wp\/v2\/types\/post"}],"author":[{"embeddable":true,"href":"https:\/\/watchman.news\/nl\/wp-json\/wp\/v2\/users\/6"}],"replies":[{"embeddable":true,"href":"https:\/\/watchman.news\/nl\/wp-json\/wp\/v2\/comments?post=164102"}],"version-history":[{"count":0,"href":"https:\/\/watchman.news\/nl\/wp-json\/wp\/v2\/posts\/164102\/revisions"}],"wp:featuredmedia":[{"embeddable":true,"href":"https:\/\/watchman.news\/nl\/wp-json\/wp\/v2\/media\/164103"}],"wp:attachment":[{"href":"https:\/\/watchman.news\/nl\/wp-json\/wp\/v2\/media?parent=164102"}],"wp:term":[{"taxonomy":"category","embeddable":true,"href":"https:\/\/watchman.news\/nl\/wp-json\/wp\/v2\/categories?post=164102"},{"taxonomy":"post_tag","embeddable":true,"href":"https:\/\/watchman.news\/nl\/wp-json\/wp\/v2\/tags?post=164102"}],"curies":[{"name":"wp","href":"https:\/\/api.w.org\/{rel}","templated":true}]}}