{"id":164105,"date":"2026-04-30T20:51:47","date_gmt":"2026-04-30T20:51:47","guid":{"rendered":"https:\/\/celticorthodoxy.com\/?p=127720"},"modified":"2026-04-30T21:27:16","modified_gmt":"2026-04-30T21:27:16","slug":"clan-gregor-royal-claim-siol-alpine-moray-ireland","status":"publish","type":"post","link":"https:\/\/watchman.news\/uk\/2026\/04\/clan-gregor-royal-claim-siol-alpine-moray-ireland\/","title":{"rendered":"The Royal Claim of Clan Gregor: From Siol Alpine to the Pictish Kings of Moray and Ireland"},"content":{"rendered":"<p><img decoding=\"async\" class=\"wp-image-127728 alignnone size-full\" src=\"https:\/\/watchman.news\/wp-content\/uploads\/2026\/04\/image-1-2.png\" alt=\"\" width=\"300\" height=\"300\" \/><\/p>\n<h3 data-section-id=\"xo0nww\" data-start=\"392\" data-end=\"435\">Tracing Clan Gregor from the kings of Scotland to the High Kings of Ireland<\/h3>\n<p>&nbsp;<\/p>\n<h3 data-section-id=\"xo0nww\" data-start=\"392\" data-end=\"435\"><span role=\"text\">1. <strong data-start=\"399\" data-end=\"435\">Introduction: \u201cRoyal Is My Race\u201d<\/strong><\/span><\/h3>\n<ul data-start=\"436\" data-end=\"542\">\n<li data-section-id=\"1c4g1mc\" data-start=\"436\" data-end=\"465\">The MacGregor declaration<\/li>\n<li data-section-id=\"1arzi7u\" data-start=\"466\" data-end=\"506\">Siol Alpine and the problem of proof<\/li>\n<li data-section-id=\"valdyh\" data-start=\"507\" data-end=\"542\">Framing the question of origins<\/li>\n<\/ul>\n<hr data-start=\"544\" data-end=\"547\" \/>\n<h3 data-section-id=\"1yuk5be\" data-start=\"549\" data-end=\"597\"><span role=\"text\">2. <strong data-start=\"556\" data-end=\"597\">Scots and Picts: One Royal Tradition?<\/strong><\/span><\/h3>\n<ul data-start=\"598\" data-end=\"687\">\n<li data-section-id=\"1b2v6oc\" data-start=\"598\" data-end=\"624\">Dal Riata and Pictland<\/li>\n<li data-section-id=\"hpez4z\" data-start=\"625\" data-end=\"660\">Political vs ancestral identity<\/li>\n<li data-section-id=\"wo7wdg\" data-start=\"661\" data-end=\"687\">The MacAlpin narrative<\/li>\n<\/ul>\n<hr data-start=\"689\" data-end=\"692\" \/>\n<h3 data-section-id=\"1r96jik\" data-start=\"694\" data-end=\"737\"><span role=\"text\">3. <strong data-start=\"701\" data-end=\"737\">King Giric and the Northern Line<\/strong><\/span><\/h3>\n<ul data-start=\"738\" data-end=\"826\">\n<li data-section-id=\"zq3qj2\" data-start=\"738\" data-end=\"769\">Giric mac D\u00fangal in history<\/li>\n<li data-section-id=\"kyq6m9\" data-start=\"770\" data-end=\"798\">Moray and early kingship<\/li>\n<li data-section-id=\"123e6vd\" data-start=\"799\" data-end=\"826\">Protector of the Church<\/li>\n<\/ul>\n<hr data-start=\"828\" data-end=\"831\" \/>\n<h3 data-section-id=\"11uq9if\" data-start=\"833\" data-end=\"879\"><span role=\"text\">4. <strong data-start=\"840\" data-end=\"879\">Clan Gregor: Tradition and Identity<\/strong><\/span><\/h3>\n<ul data-start=\"880\" data-end=\"948\">\n<li data-section-id=\"1nbtzzs\" data-start=\"880\" data-end=\"905\">The royal declaration<\/li>\n<li data-section-id=\"1ifr362\" data-start=\"906\" data-end=\"927\">Early clan memory<\/li>\n<li data-section-id=\"1445cxy\" data-start=\"928\" data-end=\"948\">Highland origins<\/li>\n<\/ul>\n<hr data-start=\"950\" data-end=\"953\" \/>\n<h3 data-section-id=\"1j6fsds\" data-start=\"955\" data-end=\"1001\"><span role=\"text\">5. <strong data-start=\"962\" data-end=\"1001\">The House of Moray and Cen\u00e9l Loairn<\/strong><\/span><\/h3>\n<ul data-start=\"1002\" data-end=\"1085\">\n<li data-section-id=\"1ic6xta\" data-start=\"1002\" data-end=\"1030\">Northern Pictish dynasty<\/li>\n<li data-section-id=\"1jcuq44\" data-start=\"1031\" data-end=\"1057\">Cen\u00e9l Loairn explained<\/li>\n<li data-section-id=\"nl4pzn\" data-start=\"1058\" data-end=\"1085\">Survival and continuity<\/li>\n<\/ul>\n<hr data-start=\"1087\" data-end=\"1090\" \/>\n<h3 data-section-id=\"nhklkr\" data-start=\"1092\" data-end=\"1141\"><span role=\"text\">6. <strong data-start=\"1099\" data-end=\"1141\">D\u00e1l Riata: Scotland and Ireland United<\/strong><\/span><\/h3>\n<ul data-start=\"1142\" data-end=\"1232\">\n<li data-section-id=\"pb5esi\" data-start=\"1142\" data-end=\"1170\">Migration and settlement<\/li>\n<li data-section-id=\"116hr9g\" data-start=\"1171\" data-end=\"1205\">Gaelic and Pictish integration<\/li>\n<li data-section-id=\"umah9c\" data-start=\"1206\" data-end=\"1232\">Royal interconnections<\/li>\n<\/ul>\n<hr data-start=\"1234\" data-end=\"1237\" \/>\n<h3 data-section-id=\"85wllm\" data-start=\"1239\" data-end=\"1275\"><span role=\"text\">7. <strong data-start=\"1246\" data-end=\"1275\">The Irish Royal Framework<\/strong><\/span><\/h3>\n<ul data-start=\"1276\" data-end=\"1359\">\n<li data-section-id=\"1rybkp4\" data-start=\"1276\" data-end=\"1300\">The sons of Milesius<\/li>\n<li data-section-id=\"fe906q\" data-start=\"1301\" data-end=\"1325\">\u00c9rim\u00f3n and \u00c9ber Finn<\/li>\n<li data-section-id=\"1273cg0\" data-start=\"1326\" data-end=\"1359\">O\u2019Neill and early royal lines<\/li>\n<\/ul>\n<hr data-start=\"1361\" data-end=\"1364\" \/>\n<h3 data-section-id=\"1ika8ga\" data-start=\"1366\" data-end=\"1405\"><span role=\"text\">8. <strong data-start=\"1373\" data-end=\"1405\">A Converging Royal Tradition<\/strong><\/span><\/h3>\n<ul data-start=\"1406\" data-end=\"1493\">\n<li data-section-id=\"4ldiw\" data-start=\"1406\" data-end=\"1430\">Where the lines meet<\/li>\n<li data-section-id=\"1gy8m0l\" data-start=\"1431\" data-end=\"1466\">Reconciling historical accounts<\/li>\n<li data-section-id=\"8uwuug\" data-start=\"1467\" data-end=\"1493\">Memory across kingdoms<\/li>\n<\/ul>\n<hr data-start=\"1495\" data-end=\"1498\" \/>\n<h3 data-section-id=\"gpvw0f\" data-start=\"1500\" data-end=\"1551\"><span role=\"text\">9. <strong data-start=\"1507\" data-end=\"1551\">Conclusion: The Royal Claim Reconsidered<\/strong><\/span><\/h3>\n<ul data-start=\"1552\" data-end=\"1629\">\n<li data-section-id=\"18egm86\" data-start=\"1552\" data-end=\"1571\">Beyond MacAlpin<\/li>\n<li data-section-id=\"1x9otq4\" data-start=\"1572\" data-end=\"1602\">A wider Celtic inheritance<\/li>\n<li data-section-id=\"16szcvj\" data-start=\"1603\" data-end=\"1629\">The enduring tradition<\/li>\n<\/ul>\n<hr data-start=\"1631\" data-end=\"1634\" \/>\n<h3 data-section-id=\"1bcnbh0\" data-start=\"1636\" data-end=\"1674\"><span role=\"text\">10. <strong data-start=\"1644\" data-end=\"1674\">The Royal Line Made Simple<\/strong><\/span><\/h3>\n<ul data-start=\"1675\" data-end=\"1768\">\n<li data-section-id=\"1nryhqu\" data-start=\"1675\" data-end=\"1702\">From MacGregor to Giric<\/li>\n<li data-section-id=\"nm4mzv\" data-start=\"1703\" data-end=\"1730\">From Moray to D\u00e1l Riata<\/li>\n<li data-section-id=\"1fumx3q\" data-start=\"1731\" data-end=\"1768\">From Scotland to Irish High Kings<\/li>\n<\/ul>\n<hr data-start=\"1770\" data-end=\"1773\" \/>\n<h3 data-section-id=\"iwg5or\" data-start=\"1775\" data-end=\"1822\"><span role=\"text\">11. <strong data-start=\"1783\" data-end=\"1822\">Royal Houses of Scotland in Context<\/strong><\/span><\/h3>\n<ul data-start=\"1823\" data-end=\"1937\">\n<li data-section-id=\"1aeen7c\" data-start=\"1823\" data-end=\"1854\">Bruce and Stewart dynasties<\/li>\n<li data-section-id=\"18z3sbs\" data-start=\"1855\" data-end=\"1895\">Medieval kingship vs ancient lineage<\/li>\n<li data-section-id=\"16ug4oz\" data-start=\"1896\" data-end=\"1937\">The deeper origins of royal tradition<\/li>\n<\/ul>\n<hr data-start=\"1837\" data-end=\"1840\" \/>\n<h2 data-section-id=\"q0kflq\" data-start=\"2552\" data-end=\"2615\">Introduction: \u201cRoyal Is My Race\u201d and the Question of Origins<\/h2>\n<p data-start=\"2617\" data-end=\"2715\"><strong data-start=\"2617\" data-end=\"2664\">The Traditional Declaration of Clan Gregor:<\/strong><br data-start=\"2664\" data-end=\"2667\" \/><strong data-start=\"2667\" data-end=\"2715\">\u201c\u2019S Rioghal Mo Dhream\u201d \u2014 \u201cRoyal is my race.\u201d<\/strong><\/p>\n<p data-start=\"2717\" data-end=\"2891\">This is not merely a heraldic motto preserved in later heraldry. It is a statement of identity\u2014an inherited claim of lineage carried through centuries of upheaval, loss, and survival.<\/p>\n<p data-start=\"2893\" data-end=\"3399\">Clan Gregor has long been associated with the <strong data-start=\"2939\" data-end=\"2954\">Siol Alpine<\/strong>, the group of Highland clans traditionally said to descend from <span class=\"hover:entity-accent entity-underline inline cursor-pointer align-baseline\"><span class=\"whitespace-normal\">Kenneth MacAlpin<\/span><\/span>. This connection has often been presented as the explanation for the clan\u2019s royal claim. Yet the historical record is more complex. Early Highland historians themselves preserved the tradition while acknowledging a difficulty: the claim to royal descent was widely affirmed, but the exact genealogical line could not be securely demonstrated.<\/p>\n<p data-start=\"3401\" data-end=\"3457\">This tension is not a weakness\u2014it is the starting point.<\/p>\n<p data-start=\"3459\" data-end=\"3811\">If the MacGregor claim to royal origin is genuine, yet not fully explained by the standard MacAlpin pedigree, then the possibility arises that the tradition preserves something older and more layered. The early kingdom of Alba was not the product of a single line, but the convergence of multiple royal traditions: Pictish, Gaelic, Moravian, and Irish.<\/p>\n<p data-start=\"3813\" data-end=\"4249\">This study therefore does not attempt to force a single, uninterrupted genealogy where the sources do not support one. Instead, it follows the strands as they appear in the historical and traditional record: the Siol Alpine framework, the northern Pictish dynasty of Moray, the figure of <span class=\"hover:entity-accent entity-underline inline cursor-pointer align-baseline\"><span class=\"whitespace-normal\">Giric mac D\u00fangal<\/span><\/span>, the Gaelic kingdom of D\u00e1l Riata, and the deeper Irish royal genealogies associated with \u00c9rim\u00f3n and \u00c9ber Finn.<\/p>\n<p data-start=\"4251\" data-end=\"4679\">Some of these belong to recorded history, others to dynastic tradition, and others to the inherited memory of origin. When examined together, however, they do not contradict so much as converge. What emerges is not a single narrow pedigree, but a broader and more compelling conclusion: the royal identity preserved by Clan Gregor may reflect a continuity of inheritance rooted in the older Pictish and Gaelic order of kingship.<\/p>\n<blockquote data-start=\"1197\" data-end=\"1273\">\n<p data-start=\"1199\" data-end=\"1273\"><em data-start=\"1199\" data-end=\"1273\">A useful starting point is found in A History of the Scottish Highlands\u2026<\/em><\/p>\n<\/blockquote>\n<p data-start=\"1281\" data-end=\"1444\"><strong data-start=\"1281\" data-end=\"1286\">\u00b9<\/strong> John Scott Keltie (ed.), <em data-start=\"1312\" data-end=\"1388\">A History of the Scottish Highlands, Highland Clans and Highland Regiments<\/em> (Edinburgh: A. Fullarton &amp; Co., 1875), Vol. II, p. 243.<\/p>\n<hr data-start=\"1837\" data-end=\"1840\" \/>\n<h1 data-section-id=\"d93qzf\" data-start=\"193\" data-end=\"246\"><span role=\"text\"><strong data-start=\"195\" data-end=\"246\">2. Scots and Picts: One Royal Tradition or Two?<\/strong><\/span><\/h1>\n<div class=\"no-scrollbar flex min-h-36 flex-nowrap gap-0.5 overflow-auto sm:gap-1 sm:overflow-hidden xl:min-h-44 mt-1 mb-5 not-first:mt-4\">\n<div class=\"border-token-border-default relative w-32 shrink-0 overflow-hidden rounded-xl border-[0.5px] md:shrink max-h-64 sm:w-[calc((100%-0.5rem)\/3)] rounded-s-xl\">\n<div class=\"group\/search-image @container\/search-image relative rounded-[inherit] h-full w-full\">\n<div><img decoding=\"async\" class=\"bg-token-main-surface-tertiary m-0 h-full w-full object-cover\" src=\"https:\/\/watchman.news\/wp-content\/uploads\/2026\/04\/S23zNeegbEZgaltyeGqBC6eS6Dpm7EeanBNoF5Y1L3NjdgqQfhb91UANfIe4h8sMhQoq71S5OqzZZgLQqEIGllaqpURz6Wui8bEdR6BSE3bUXZ1cZe7-rqsibM97MB5VtZ-ROQzW6omd_GchWNxnYb7o0MSoL4M5M7NC1mhArYUpurposeinline\" alt=\"https:\/\/images.openai.com\/static-rsc-4\/j-k53bN9tRlMXjruV0A8o-cVuxmeGyu4bzet3gPz_nyFt8uNUAHG5gRN_sNer9L5WWBLDCiEQxnjj8Ie5XBVgijuW1OAkbUMzRQukwbnY2eWvKCwPWKAnXiIjYuXOvHFCKEd7xC4x1ldrCzaFF_OAitByBcluqrqgPXg2wwYC0049J0U4FQjQhEK6ssdiD4y?purpose=fullsize\" \/><\/div>\n<\/div>\n<\/div>\n<div class=\"border-token-border-default relative w-32 shrink-0 overflow-hidden rounded-xl border-[0.5px] md:shrink max-h-64 sm:w-[calc((100%-0.5rem)\/3)]\">\n<div class=\"group\/search-image @container\/search-image relative rounded-[inherit] h-full w-full\">\n<div><img decoding=\"async\" class=\"bg-token-main-surface-tertiary m-0 h-full w-full object-cover\" src=\"https:\/\/watchman.news\/wp-content\/uploads\/2026\/04\/HpWiyUo8yxnxAi0YZ_XFiNr8zFXZfHx31_wbJHbHMUFYMyK1QMpqugzY1JY-bqruFd-11d0hUtk0wjLG6PEP_HoEDVz4AA6mGXViO8al0h-DWEKE6jIQ7tWxgchDAHwDR3PfGJRXGwzNEh_XtiovENX4Ehs5qknKkwjgN9F0gspurposeinline\" alt=\"https:\/\/images.openai.com\/static-rsc-4\/EaglZA0L909Os1WrRgdzTyVXgZEOAWgLRMhAzLeWGbqHQvqRXVoCZk4MGqwUdp6BISjz-c2owduv8UehglSkDCtuTL6QO6E6unwlyn5TBsLJ7LjPJ4C5dT2NUfleIns9PjGqwfsI_6px0Z8QKYc4XAeyT9vDr3_ak3sHpr9cIKoT5GtpemTnMSFBSqfLmqql?purpose=fullsize\" \/><\/div>\n<\/div>\n<\/div>\n<\/div>\n<p data-start=\"290\" data-end=\"654\">The distinction between <strong data-start=\"314\" data-end=\"333\">Scots and Picts<\/strong> has long been presented as a dividing line in early Scottish history. In later narratives\u2014particularly those shaped under the influence of the southern Scottish kingdom\u2014this division became emphasized as a contrast between two separate peoples: the Gaelic Scots of D\u00e1l Riata and the indigenous Picts of northern Britain.<\/p>\n<p data-start=\"656\" data-end=\"699\">Yet the historical reality is more nuanced.<\/p>\n<p data-start=\"701\" data-end=\"1186\">The kingdom of <strong data-start=\"716\" data-end=\"729\">D\u00e1l Riata<\/strong>, rooted in both northeastern Ireland and western Scotland, represents a Gaelic-speaking political and cultural sphere. The Picts, by contrast, occupied much of northern and eastern Scotland and maintained their own systems of kingship, succession, and ecclesiastical structure. Early sources, however, do not consistently portray these groups as entirely separate in origin, but rather as neighboring and interacting branches within a broader Celtic world.<\/p>\n<p data-start=\"1188\" data-end=\"1754\">Over time, especially during the 9th and 10th centuries, these distinctions began to blur. The formation of the kingdom of Alba\u2014traditionally associated with the rise of <span class=\"hover:entity-accent entity-underline inline cursor-pointer align-baseline\"><span class=\"whitespace-normal\">Kenneth MacAlpin<\/span><\/span>\u2014is often described as the unification of Scots and Picts under a single royal house. But this \u201cunification\u201d was not necessarily the replacement of one people by another. Instead, it appears to have been a <strong data-start=\"1601\" data-end=\"1664\">political consolidation of already interconnected dynasties<\/strong>, bound by intermarriage, shared religious traditions, and overlapping territorial claims.<\/p>\n<p data-start=\"1756\" data-end=\"2238\">Later genealogical traditions tended to favor the MacAlpin line, emphasizing descent through the Scottish (Gaelic) kings of D\u00e1l Riata. In doing so, they sometimes obscured or minimized the parallel and competing royal traditions of the Picts\u2014particularly those of the northern kingdom centered in Moray. This has had a lasting effect on how early Scottish history is understood, often giving the impression that all legitimate royal descent must pass through the MacAlpin framework.<\/p>\n<p data-start=\"2240\" data-end=\"2290\">However, this assumption deserves to be revisited.<\/p>\n<p data-start=\"2292\" data-end=\"2640\">The evidence suggests that both Pictish and Scottish royal lines may themselves have drawn from <strong data-start=\"2388\" data-end=\"2419\">shared ancestral traditions<\/strong>, extending back into Ireland. The distinctions between Scot and Pict, therefore, may be less about origin and more about political identity\u2014labels shaped by circumstance, rather than markers of entirely separate descent.<\/p>\n<p data-start=\"2642\" data-end=\"2952\">If this is the case, then the royal claims preserved in Highland clan tradition\u2014such as those of Clan Gregor\u2014need not be confined to a single line. Instead, they may reflect a broader inheritance, one that encompasses both the Pictish and Gaelic royal traditions that together formed the early kingdom of Alba.<\/p>\n<p data-start=\"1512\" data-end=\"1609\"><strong data-start=\"1512\" data-end=\"1517\">\u00b2<\/strong> Alex Woolf, <em data-start=\"1530\" data-end=\"1563\">From Pictland to Alba, 789\u20131070<\/em> (Edinburgh University Press, 2007), pp. 1\u201320.<\/p>\n<hr data-start=\"2954\" data-end=\"2957\" \/>\n<h1 data-section-id=\"zwfa11\" data-start=\"2959\" data-end=\"3033\"><strong data-start=\"2961\" data-end=\"3033\">3. <span class=\"hover:entity-accent entity-underline inline cursor-pointer align-baseline\"><span class=\"whitespace-normal\">Giric mac D\u00fangal<\/span><\/span> and the Northern Royal Line<\/strong><\/h1>\n<div class=\"no-scrollbar flex min-h-36 flex-nowrap gap-0.5 overflow-auto sm:gap-1 sm:overflow-hidden xl:min-h-44 mt-1 mb-5 not-first:mt-4\">\n<div class=\"border-token-border-default relative w-32 shrink-0 overflow-hidden rounded-xl border-[0.5px] md:shrink max-h-64 sm:w-[calc((100%-0.5rem)\/3)]\">\n<div class=\"group\/search-image @container\/search-image relative rounded-[inherit] h-full w-full\">\n<div><img decoding=\"async\" class=\"bg-token-main-surface-tertiary m-0 h-full w-full object-cover\" src=\"https:\/\/watchman.news\/wp-content\/uploads\/2026\/04\/nniisbB-j4XHxO3jB53Vng1RNEpmav09BznbN7u6mnez9k-UVViXWA7PkEpjRLEm-uo209NqOI7pUEXeRgLpS64oNu87fyy7NaviyRK1fYv1OUhsxXpVcdny54wzL19tKpYCpA4awxxO5smSsiO6tc6f4AQ6B7XJREyFutdFkdgpurposeinline\" alt=\"https:\/\/images.openai.com\/static-rsc-4\/N1630bkPDLgTr0WZmJOJtuH5c0CU5d6ayJEGHgRTbvw15CaaVJC_n6-6bpYxbMHYi0jPUEDxsrq29jjIAWr5Uoj0YR6Np5W9ucHLjp1bJSPrX8GnLD8bCwN1ezuvbNTi9Fcx5UJyW0bMARkwqrBsIt_RR5dYrYNwo0pl2Z8hb3eRU4LoLfV70QoVGmY2MwzD?purpose=fullsize\" \/><\/div>\n<\/div>\n<\/div>\n<div class=\"border-token-border-default relative w-32 shrink-0 overflow-hidden rounded-xl border-[0.5px] md:shrink max-h-64 sm:w-[calc((100%-0.5rem)\/3)] rounded-e-xl\">\n<div class=\"group\/search-image @container\/search-image relative rounded-[inherit] h-full w-full\">\n<div class=\"pointer-events-none absolute inset-x-2 bottom-2 z-0 flex max-w-[calc(100%-1rem)] flex-wrap items-end justify-end gap-1.5\">\n<div class=\"shrink-0\">\n<div class=\"flex items-center gap-1 rounded-full px-2 py-1.5 text-white backdrop-blur-md backdrop-brightness-75\"><\/div>\n<\/div>\n<\/div>\n<\/div>\n<\/div>\n<\/div>\n<p data-start=\"3077\" data-end=\"3435\">At the center of the northern royal tradition stands the figure of <strong data-start=\"3144\" data-end=\"3164\">Giric mac D\u00fangal<\/strong>, a king of Alba whose reign is generally placed between 878 and 889. Although the surviving records concerning him are limited and sometimes contradictory, they preserve enough detail to establish his importance within the transitional period of early Scottish kingship.<\/p>\n<p data-start=\"3437\" data-end=\"3797\">Giric is consistently identified in early sources as <strong data-start=\"3490\" data-end=\"3506\">\u201cmac D\u00fangal\u201d<\/strong>, indicating his descent from a figure named D\u00fangal. Unlike the kings of the MacAlpin line, whose genealogies were later more firmly established in Scottish tradition, Giric\u2019s ancestry is less clearly defined. This ambiguity has led to significant scholarly discussion regarding his origins.<\/p>\n<p data-start=\"3799\" data-end=\"4225\">Modern historical analysis, particularly that of Benjamin Hudson, has suggested that Giric was not a member of the Cen\u00e9l nGabr\u00e1in (the line associated with Kenneth MacAlpin), but rather connected to the <strong data-start=\"4002\" data-end=\"4039\">northern Pictish dynasty of Moray<\/strong>, itself linked to the kindred known as <strong data-start=\"4079\" data-end=\"4095\">Cen\u00e9l Loairn<\/strong>. This places Giric within a parallel royal tradition\u2014one that existed alongside, and at times in rivalry with, the MacAlpin line.<\/p>\n<p data-start=\"1882\" data-end=\"1984\"><strong data-start=\"1882\" data-end=\"1887\">\u2074<\/strong> Benjamin T. Hudson, <em data-start=\"1908\" data-end=\"1934\">Kings of Celtic Scotland<\/em> (Westport, CT: Greenwood Press, 1994), pp. 85\u201395.<\/p>\n<p>&nbsp;<\/p>\n<p data-start=\"4227\" data-end=\"4557\">The importance of this distinction cannot be overstated. If Giric belonged to the Moray-based Pictish dynasty, then his reign represents not merely an episode within the MacAlpin succession, but the <strong data-start=\"4426\" data-end=\"4483\">assertion of an alternative royal lineage within Alba<\/strong>\u2014one rooted in the northern kingdom and its older structures of authority.<\/p>\n<p data-start=\"4559\" data-end=\"4931\">Giric\u2019s reputation in later sources further underscores his significance. By the 12th century, he had come to be known as \u201cGregory the Great,\u201d credited with liberating the Scottish Church from earlier constraints and extending his influence beyond Scotland. While these accounts are undoubtedly embellished, they reflect a memory of Giric as a ruler of unusual importance.<\/p>\n<p data-start=\"4933\" data-end=\"5319\">His association with the Church is particularly notable. Traditions connected with the <strong data-start=\"5020\" data-end=\"5041\"><a href=\"https:\/\/celticorthodoxy.com\/2023\/10\/founder-macgregor-protector-culdees\/\">Culdees<\/a> (C\u00e9le D\u00e9)<\/strong> recall Giric as a protector or patron, suggesting that his authority may have extended into ecclesiastical as well as political spheres. This aligns with the broader pattern of early Celtic kingship, in which the relationship between ruler and Church was central to legitimacy.<\/p>\n<p data-start=\"5321\" data-end=\"5785\">Taken together, these elements point to Giric as more than a marginal or obscure figure. He stands as a representative of a <strong data-start=\"5445\" data-end=\"5473\">northern royal tradition<\/strong>, one that intersects with Moray, Cen\u00e9l Loairn, and the wider Gaelic world. In the context of Clan Gregor\u2019s preserved claim to royal descent, this tradition offers a compelling line of inquiry\u2014one that may help explain how a memory of ancient kingship was maintained outside the more dominant MacAlpin narrative.<\/p>\n<p data-start=\"1710\" data-end=\"1855\"><strong data-start=\"1710\" data-end=\"1715\">\u00b3<\/strong> <em data-start=\"1716\" data-end=\"1748\">Chronicle of the Kings of Alba<\/em>, in Marjorie O. Anderson (ed.), <em data-start=\"1781\" data-end=\"1819\">Kings and Kingship in Early Scotland<\/em> (Edinburgh University Press, 1980).<\/p>\n<p data-start=\"1882\" data-end=\"1984\"><strong data-start=\"1882\" data-end=\"1887\">\u2074<\/strong> Benjamin T. Hudson, <em data-start=\"1908\" data-end=\"1934\">Kings of Celtic Scotland<\/em> (Westport, CT: Greenwood Press, 1994), pp. 85\u201395.<\/p>\n<hr data-start=\"1837\" data-end=\"1840\" \/>\n<h1 data-section-id=\"tpdmh5\" data-start=\"219\" data-end=\"280\"><span role=\"text\"><strong data-start=\"221\" data-end=\"280\">4. The MacGregor Claim: Tradition, Chiefs, and Identity<\/strong><\/span><\/h1>\n<div class=\"no-scrollbar flex min-h-36 flex-nowrap gap-0.5 overflow-auto sm:gap-1 sm:overflow-hidden xl:min-h-44 mt-1 mb-5 not-first:mt-4\">\n<div class=\"border-token-border-default relative w-32 shrink-0 overflow-hidden rounded-xl border-[0.5px] md:shrink max-h-64 sm:w-[calc((100%-0.5rem)\/3)] rounded-s-xl\">\n<div class=\"group\/search-image @container\/search-image relative rounded-[inherit] h-full w-full\">\n<div><img decoding=\"async\" class=\"bg-token-main-surface-tertiary m-0 h-full w-full object-cover\" src=\"https:\/\/watchman.news\/wp-content\/uploads\/2026\/04\/qsS1Hjj2oupPUXrwRxPi1mTcyQ4AD73f-DYvkcJsGVQiiy37xH7H85XTEAilCKBsJYetEZmPY86jj2OC3detFlD8U86InI1j-mKlcVaAV6t5hmbRlVi2RiaNDE_jCmVhQSDH8nyO6wdiINkeBXQ_vDDZzXkqWJE0hG5RXZr2D2cpurposeinline\" alt=\"https:\/\/images.openai.com\/static-rsc-4\/7xhpJ-HWzKj4Vva8rrhge0UDHUBloFcDNeRf8gozSY-yi18IOpQ5cTY9_T71IZadwwC5VCgfREGqqH2GcPWjQDANZHDLYJCiLpIujaq-pnRIwHtZK03bybf7uyfPi0-d75T9ScHod0KIrksLANO-dqS82sBOclGiOtWKqKHNmAae41Bcoab-k2IE0je5sYEh?purpose=fullsize\" \/><\/div>\n<\/div>\n<\/div>\n<div class=\"border-token-border-default relative w-32 shrink-0 overflow-hidden rounded-xl border-[0.5px] md:shrink max-h-64 sm:w-[calc((100%-0.5rem)\/3)]\">\n<div class=\"group\/search-image @container\/search-image relative rounded-[inherit] h-full w-full\">\n<div><img decoding=\"async\" class=\"bg-token-main-surface-tertiary m-0 h-full w-full object-cover\" src=\"https:\/\/watchman.news\/wp-content\/uploads\/2026\/04\/8nba7uMc8BFRvFJBODJiMpKB8dd0fOvWNT4NxHbk20XmbfGLUDMOoPJ1WNQDjQNiPJkGAAFpVfX7MnBMdidEUgZsOHSU7KDl5OzoMvwoN38q1yfZOkt5wHRALxhpWZo7l3LvjE2kVKjJ4h8AWfLXMexRxlmkOl3hKZiI4KGTRJMpurposeinline\" alt=\"https:\/\/images.openai.com\/static-rsc-4\/NV_ko_EgsqZj0CCnStY3XyxI-Jb8NvZ6MRonui6Sc7clAUMZSGbJyiuu7VI-2xhPkl1uAoKvC6_DtMHPpggCAqELXk4YrVpbqeJSsmTSSvDaXvm3LXtgzBFh4O4CeIV02Ii8GBclcwsb5qMTEX-aEld2l8hUOi21KkBkDjED8XyrEhii_-g8gdJww1KYhU_U?purpose=fullsize\" \/><\/div>\n<\/div>\n<\/div>\n<div class=\"border-token-border-default relative w-32 shrink-0 overflow-hidden rounded-xl border-[0.5px] md:shrink max-h-64 sm:w-[calc((100%-0.5rem)\/3)] rounded-e-xl\">\n<div class=\"group\/search-image @container\/search-image relative rounded-[inherit] h-full w-full\">The royal identity of Clan Gregor is not a modern invention, nor a late embellishment. It is preserved consistently in tradition, most clearly expressed in the enduring declaration:<\/div>\n<\/div>\n<\/div>\n<p data-start=\"507\" data-end=\"555\"><strong data-start=\"507\" data-end=\"555\">\u201c\u2019S Rioghal Mo Dhream\u201d \u2014 \u201cRoyal is my race.\u201d<\/strong><\/p>\n<p data-start=\"557\" data-end=\"765\">This statement reflects more than pride of ancestry. It represents a <strong data-start=\"626\" data-end=\"685\">persistent claim of descent from an ancient royal stock<\/strong>, maintained despite centuries of displacement, proscription, and fragmentation.<\/p>\n<p data-start=\"767\" data-end=\"1183\">Historically, the MacGregors were centered in regions such as <strong data-start=\"829\" data-end=\"844\">Balquhidder<\/strong>, <strong data-start=\"846\" data-end=\"859\">Glenorchy<\/strong>, and <strong data-start=\"865\" data-end=\"877\">Menteith<\/strong>, areas long associated with early Highland settlement patterns. Even as political pressures forced the clan from their lands and led to the suppression of their name, the internal cohesion of the clan remained remarkably strong. This continuity of identity is itself evidence of a deeply rooted tradition.<\/p>\n<p data-start=\"1185\" data-end=\"1557\">Early Highland histories placed the MacGregors among the <strong data-start=\"1242\" data-end=\"1257\">Siol Alpine<\/strong>, the grouping of clans traditionally linked to <span class=\"hover:entity-accent entity-underline inline cursor-pointer align-baseline\"><span class=\"whitespace-normal\">Kenneth MacAlpin<\/span><\/span>. At the same time, those same sources acknowledged a limitation: while the royal origin of the clan was widely affirmed, the exact genealogical path through the MacAlpin line could not be definitively demonstrated.<\/p>\n<p data-start=\"1559\" data-end=\"1683\">This duality\u2014<strong data-start=\"1572\" data-end=\"1634\">certainty of royal descent, uncertainty of precise lineage<\/strong>\u2014is central to understanding the MacGregor claim.<\/p>\n<p data-start=\"1685\" data-end=\"2173\">In some genealogical traditions, the clan traces its origin to a figure named <strong data-start=\"1763\" data-end=\"1783\">Gregor (Griogar)<\/strong>, said to have been connected to the MacAlpin family, sometimes described as a younger son or collateral relative. Yet even early historians admitted that such a descent could not be clearly traced in surviving records. Rather than weakening the tradition, this suggests that the preserved memory of royal origin may extend beyond the simplified genealogies later constructed to explain it.<\/p>\n<p data-start=\"2175\" data-end=\"2507\">The lived history of the MacGregors reinforces this interpretation. Few clans endured such sustained legal persecution, including the banning of their name and the forced adoption of aliases. Yet through these trials, the clan maintained a strong internal identity, bound not only by kinship but by a shared understanding of origin.<\/p>\n<p data-start=\"2509\" data-end=\"2729\">This resilience points to something deeper than a convenient claim. It suggests the preservation of a <strong data-start=\"2611\" data-end=\"2642\">genuine ancestral tradition<\/strong>, one that may have been only partially captured in later genealogical reconstructions.<\/p>\n<p data-start=\"2731\" data-end=\"3098\">If the MacGregor identity carries an authentic memory of royal descent, then the task is not merely to fit it into the MacAlpin framework, but to examine the broader historical context in which multiple royal lines\u2014Pictish, Gaelic, and Moravian\u2014interacted and overlapped. It is within that wider context that the MacGregor claim finds its most compelling explanation.<\/p>\n<p><strong data-start=\"2117\" data-end=\"2122\">\u2075<\/strong> William F. Skene, <em data-start=\"2141\" data-end=\"2170\">The Highlanders of Scotland<\/em> (London, 1837), pp. 292\u2013300.<\/p>\n<hr data-start=\"3100\" data-end=\"3103\" \/>\n<h1 data-section-id=\"13y9lxs\" data-start=\"3105\" data-end=\"3149\"><span role=\"text\"><strong data-start=\"3107\" data-end=\"3149\">5. The House of Moray and Cen\u00e9l Loairn<\/strong><\/span><\/h1>\n<div class=\"no-scrollbar flex min-h-36 flex-nowrap gap-0.5 overflow-auto sm:gap-1 sm:overflow-hidden xl:min-h-44 mt-1 mb-5 not-first:mt-4\">\n<div class=\"border-token-border-default relative w-32 shrink-0 overflow-hidden rounded-xl border-[0.5px] md:shrink max-h-64 sm:w-[calc((100%-0.5rem)\/3)]\">\n<div class=\"group\/search-image @container\/search-image relative rounded-[inherit] h-full w-full\">\n<div><img decoding=\"async\" class=\"bg-token-main-surface-tertiary m-0 h-full w-full object-cover\" src=\"https:\/\/watchman.news\/wp-content\/uploads\/2026\/04\/fXFFOFw2C5xg35s5kpn3F91MjV3qk1H8dbGkBHInyeSy_bMHvqANmqda6HPwEgv5KskNrBa7BelcwLcl-ih7q7_gVkueYBt8KfENg0C2Ri5R9_VTWY-hcyI3_dbkr3UrAq0fylKSVYsCygH9VBSdi1T_GfXXN9egjk3hum90n0Ipurposeinline\" alt=\"https:\/\/images.openai.com\/static-rsc-4\/4Trc7BjZ9DvPtO4p5us1HunAk5pDg4T_ISBM9e1rrJB3sqeyj8XZhkZzW_afMi4IEK0zkIhooCVbjWb0qqLGJq-PlzZeaT_g7rsicsQr_9YJb-ZwVn6AHlZKARVA7HATq0CzkY-ReXvv1xTlOu6NOby0J-rF2GbmO8rUWMLeDCuoTOWJmiXiPqEXaHw2xbRr?purpose=fullsize\" \/><\/div>\n<\/div>\n<\/div>\n<div class=\"border-token-border-default relative w-32 shrink-0 overflow-hidden rounded-xl border-[0.5px] md:shrink max-h-64 sm:w-[calc((100%-0.5rem)\/3)] rounded-e-xl\">\n<div class=\"group\/search-image @container\/search-image relative rounded-[inherit] h-full w-full\">\n<div class=\"pointer-events-none absolute inset-x-2 bottom-2 z-0 flex max-w-[calc(100%-1rem)] flex-wrap items-end justify-end gap-1.5\">\n<div class=\"shrink-0\">\n<div class=\"flex items-center gap-1 rounded-full px-2 py-1.5 text-white backdrop-blur-md backdrop-brightness-75\"><\/div>\n<\/div>\n<\/div>\n<\/div>\n<\/div>\n<\/div>\n<p data-start=\"3193\" data-end=\"3388\">To understand the deeper framework behind the MacGregor claim, it is necessary to turn to the <strong data-start=\"3287\" data-end=\"3316\">northern kingdom of Moray<\/strong>, one of the most important centers of power in early medieval Scotland.<\/p>\n<p data-start=\"3390\" data-end=\"3722\">Moray, associated with the earlier Pictish kingdom of <strong data-start=\"3444\" data-end=\"3455\">Fortriu<\/strong>, maintained a distinct political identity even as the kingdom of Alba was forming. Far from being absorbed immediately into a unified Scottish monarchy, Moray preserved its own ruling dynasties, traditions of succession, and regional authority for several centuries.<\/p>\n<p data-start=\"3724\" data-end=\"4096\">Central to this northern tradition is the kindred known as <strong data-start=\"3783\" data-end=\"3799\">Cen\u00e9l Loairn<\/strong>, one of the principal branches of the early Gaelic kingdom of D\u00e1l Riata. While D\u00e1l Riata is often associated with the western seaboard and its Irish connections, its internal divisions\u2014particularly between Cen\u00e9l nGabr\u00e1in and Cen\u00e9l Loairn\u2014reflect a more complex structure of overlapping dynasties.<\/p>\n<p data-start=\"4098\" data-end=\"4383\">The Cen\u00e9l Loairn line has been linked by modern scholarship to the ruling families of Moray, suggesting that the northern Pictish dynasty was not isolated, but connected to the broader Gaelic world. This connection provides a critical bridge between Pictish and Irish royal traditions.<\/p>\n<p data-start=\"4385\" data-end=\"4725\">Within this context, figures such as <span class=\"hover:entity-accent entity-underline inline cursor-pointer align-baseline\"><span class=\"whitespace-normal\">Macbeth<\/span><\/span> and <span class=\"hover:entity-accent entity-underline inline cursor-pointer align-baseline\"><span class=\"whitespace-normal\">Lulach<\/span><\/span> emerge not as anomalies, but as representatives of a continuing Moray-based royal line. Their reigns demonstrate that the northern dynasty remained a viable contender for the kingship of Scotland well into the 11th century.<\/p>\n<p data-start=\"4727\" data-end=\"5043\">The position of <span class=\"hover:entity-accent entity-underline inline cursor-pointer align-baseline\"><span class=\"whitespace-normal\">Giric mac D\u00fangal<\/span><\/span> within this framework becomes especially significant. If, as proposed by scholars such as Benjamin Hudson, Giric belonged to this northern, Cen\u00e9l Loairn-connected dynasty, then his reign represents an earlier assertion of Moray-based royal authority within Alba.<\/p>\n<p data-start=\"5045\" data-end=\"5424\">This interpretation helps to explain why later traditions surrounding Giric differ from those of the MacAlpin kings. Rather than being fully integrated into the dominant southern narrative, Giric appears as a figure whose legacy was preserved in alternative strands of tradition\u2014particularly those connected with the north and with ecclesiastical communities such as the Culdees.<\/p>\n<p data-start=\"5426\" data-end=\"5746\">The importance of Moray, therefore, lies not only in its political history, but in its role as a <strong data-start=\"5523\" data-end=\"5548\">conduit of continuity<\/strong>. It represents a line of kingship that was neither wholly Pictish nor wholly Scottish in the later sense, but part of a broader network of Gaelic and Celtic royal traditions extending into Ireland.<\/p>\n<p data-start=\"5748\" data-end=\"6098\">It is within this network that the MacGregor claim can be more fully understood. If the clan\u2019s preserved memory of royal descent does not align neatly with the MacAlpin line, it may instead reflect an inheritance connected to this northern dynasty\u2014one rooted in Moray, linked to Cen\u00e9l Loairn, and ultimately tied into the wider Irish royal framework.<\/p>\n<p><strong data-start=\"2312\" data-end=\"2317\">\u2076<\/strong> Alex Woolf, <em data-start=\"2330\" data-end=\"2353\">From Pictland to Alba<\/em>, pp. 200\u2013220.<\/p>\n<hr data-start=\"1837\" data-end=\"1840\" \/>\n<h1 data-section-id=\"1wqx3ow\" data-start=\"288\" data-end=\"347\"><span role=\"text\"><strong data-start=\"290\" data-end=\"347\">6. D\u00e1l Riata: The Bridge Between Ireland and Scotland<\/strong><\/span><\/h1>\n<div class=\"no-scrollbar flex min-h-36 flex-nowrap gap-0.5 overflow-auto sm:gap-1 sm:overflow-hidden xl:min-h-44 mt-1 mb-5 not-first:mt-4\">\n<div class=\"border-token-border-default relative w-32 shrink-0 overflow-hidden rounded-xl border-[0.5px] md:shrink max-h-64 sm:w-[calc((100%-0.5rem)\/3)] rounded-s-xl\">\n<div class=\"group\/search-image @container\/search-image relative rounded-[inherit] h-full w-full\">\n<div><img decoding=\"async\" class=\"bg-token-main-surface-tertiary m-0 h-full w-full object-cover\" src=\"https:\/\/watchman.news\/wp-content\/uploads\/2026\/04\/k4FyT6Bx0OI-aPkW40nD9iGk5EtjNOSaOkUkVi48qYxFubITFhk9Jni12XVyFE0FT7BTVqCD5VEDSQvErsiqnMF3bQZAHl3CKsEFbFst74IdxG9i7EhOiyeAygQofurJHArvbpQS5RndgYDUDCFlzJNT9wCgocSf76eqW1Qh_g4purposeinline\" alt=\"https:\/\/images.openai.com\/static-rsc-4\/0vR8xXM9q4InDDf4fAaErnGkM-BK1ZstiMLql9VAv11zprV-1Vm4Fc_ykFXYZRF-9camdAkbcVcoeQAaWIUlwhD_KURw-UnZFndiGMtQW7esBkvoelE_z3B9niidqmXIm8zD0T-ydVCR9GQMRUztRteq-BFlSnzSR_vyXdQoE2dolRidDgT9KvI0cumOU8iq?purpose=fullsize\" \/><\/div>\n<\/div>\n<\/div>\n<div class=\"border-token-border-default relative w-32 shrink-0 overflow-hidden rounded-xl border-[0.5px] md:shrink max-h-64 sm:w-[calc((100%-0.5rem)\/3)]\">\n<div class=\"group\/search-image @container\/search-image relative rounded-[inherit] h-full w-full\"><button class=\"h-full w-full overflow-hidden rounded-[inherit]\" type=\"button\" aria-label=\"Open image details for Dunadd Hill Fort\">\u00a0<\/button><\/div>\n<\/div>\n<div class=\"border-token-border-default relative w-32 shrink-0 overflow-hidden rounded-xl border-[0.5px] md:shrink max-h-64 sm:w-[calc((100%-0.5rem)\/3)] rounded-e-xl\">\n<div class=\"group\/search-image @container\/search-image relative rounded-[inherit] h-full w-full\">\n<div><img decoding=\"async\" class=\"bg-token-main-surface-tertiary m-0 h-full w-full object-cover\" src=\"https:\/\/watchman.news\/wp-content\/uploads\/2026\/04\/GJKdvZTp1ysr-6JaBc80cHliAXgmzrlfaIcMS7A70el5eJPv48NCn9ersJkjPW6KjVUrfpstZSQusYjqmiNH6pWt006FUOl4C_FMtDoM9AqRMNPyhUfLAG7Jadmnmp5g40nTVodp8nL0v8FYLK0_dInltwyqZxbLvAdua69Ale4purposeinline\" alt=\"https:\/\/images.openai.com\/static-rsc-4\/bwkmOMm3ZOpW4H39NJDq8834AINnD-iTofMI3HbG9qYdeICI114uhePTS1JmdbD9gXzXQhiiHFct5ezd5RZL-Bn6YIUa0N79G17IdpUT-xAqJlwJfllxFesxWbvetOX37D5lRdacEgnEkVSNUrPAXiIWXU5pHnAY0-sgb3i7SvBhYpUMSmQGJzSMom2T4yj2?purpose=fullsize\" \/><\/div>\n<\/div>\n<\/div>\n<\/div>\n<p data-start=\"391\" data-end=\"724\">The kingdom of <strong data-start=\"406\" data-end=\"419\">D\u00e1l Riata<\/strong> occupies a central place in the formation of early Scotland, serving as the most visible bridge between Ireland and the western Highlands. Far from being confined to a single landmass, D\u00e1l Riata existed as a <strong data-start=\"628\" data-end=\"648\">maritime kingdom<\/strong>, spanning the narrow sea between northeastern Ireland and western Scotland.<\/p>\n<p data-start=\"726\" data-end=\"1067\">From at least the late fifth century, Gaelic-speaking groups associated with D\u00e1l Riata established themselves along the coast of Argyll and the surrounding regions. This movement did not occur in isolation. It brought with it systems of kingship, language, and ecclesiastical tradition that would play a defining role in the shaping of Alba.<\/p>\n<p data-start=\"1069\" data-end=\"1450\">D\u00e1l Riata itself was not a unified or monolithic kingdom. It was composed of several kindreds, most notably <strong data-start=\"1177\" data-end=\"1195\">Cen\u00e9l nGabr\u00e1in<\/strong> and <strong data-start=\"1200\" data-end=\"1216\">Cen\u00e9l Loairn<\/strong>, each maintaining its own lines of leadership and territorial influence. The former is more commonly associated with the later MacAlpin kings, while the latter\u2014Cen\u00e9l Loairn\u2014has been linked to the northern dynasties centered in Moray.<\/p>\n<p data-start=\"1452\" data-end=\"1712\">This internal structure is critical. It demonstrates that the royal traditions of early Scotland did not originate from a single line, but from <strong data-start=\"1596\" data-end=\"1633\">multiple interconnected dynasties<\/strong>, each drawing upon shared cultural and ancestral frameworks rooted in Ireland.<\/p>\n<p data-start=\"1714\" data-end=\"2105\">Through D\u00e1l Riata, the distinction between \u201cIrish\u201d and \u201cScottish\u201d royal lines becomes increasingly difficult to maintain. Kings, nobles, and clerics moved across the narrow sea, intermarried, and shared traditions of legitimacy. The influence of Iona and the Columban Church further reinforced these connections, embedding Irish ecclesiastical patterns within the developing kingdom of Alba.<\/p>\n<p data-start=\"2107\" data-end=\"2468\">Within this context, the emergence of the MacAlpin dynasty can be seen not as the introduction of an entirely new ruling house, but as the <strong data-start=\"2246\" data-end=\"2314\">ascendancy of one branch within an already interconnected system<\/strong>. At the same time, other branches\u2014particularly those associated with Cen\u00e9l Loairn and the Moray region\u2014continued to assert their own claims to authority.<\/p>\n<p data-start=\"2470\" data-end=\"2842\">D\u00e1l Riata therefore stands as the essential framework through which the royal traditions of Ireland and Scotland converged. It provides the historical foundation for understanding how a clan such as the MacGregors could preserve a memory of royal descent that is not confined to a single Scottish lineage, but reflects a broader inheritance extending across the Irish Sea.<\/p>\n<p data-start=\"2477\" data-end=\"2556\"><strong data-start=\"2477\" data-end=\"2482\">\u2077<\/strong> Ewan Campbell, \u201cWere the Scots Irish?\u201d in <em data-start=\"2525\" data-end=\"2536\">Antiquity<\/em> 75 (2001): 285\u2013292.<\/p>\n<hr data-start=\"2844\" data-end=\"2847\" \/>\n<h1 data-section-id=\"124ywfu\" data-start=\"2849\" data-end=\"2905\"><span role=\"text\"><strong data-start=\"2851\" data-end=\"2905\">7. The Irish Royal Framework: \u00c9rim\u00f3n and \u00c9ber Finn<\/strong><\/span><\/h1>\n<div class=\"no-scrollbar flex min-h-36 flex-nowrap gap-0.5 overflow-auto sm:gap-1 sm:overflow-hidden xl:min-h-44 mt-1 mb-5 not-first:mt-4\">\n<div class=\"border-token-border-default relative w-32 shrink-0 overflow-hidden rounded-xl border-[0.5px] md:shrink max-h-64 sm:w-[calc((100%-0.5rem)\/3)] rounded-s-xl\">\n<div class=\"group\/search-image @container\/search-image relative rounded-[inherit] h-full w-full\">\n<div><img decoding=\"async\" class=\"bg-token-main-surface-tertiary m-0 h-full w-full object-cover\" src=\"https:\/\/watchman.news\/wp-content\/uploads\/2026\/04\/scKcIgAoLw5JHS9NBDc5T8oCx3x0fGUZmPgMYMyrhpytX-fcrpP-XCYqLbE9MkGS0OOeSr8iUOwdrKcYkh-leGN3OuMFgNyjN0IQdmabLtQOc1tuJktsi1_2pRyztziO5NkI_nr6tFyFxvO03S-6SMKP_s2BlK5cAgbG4_tmNwEpurposeinline\" alt=\"https:\/\/images.openai.com\/static-rsc-4\/GbTvaTYpuw1Ad-HIn_KhxsvZfN9tDYSR-hQ2efEdlnROBY-xlxvY9fFmx5guyxxuMKk6UWlSH-kjBa2pg_m34GVFkhHFqH74C-4RYeuYgv3EmT125BYb_726z3zD2GIKhLMxhTsXPfaMoZ-z9fAJ9DP2EWLwH6loGwE5cvvhRXg1On6gCkLJ9JJW6ZTDrRIC?purpose=fullsize\" \/><\/div>\n<\/div>\n<\/div>\n<div class=\"border-token-border-default relative w-32 shrink-0 overflow-hidden rounded-xl border-[0.5px] md:shrink max-h-64 sm:w-[calc((100%-0.5rem)\/3)]\">\n<div class=\"group\/search-image @container\/search-image relative rounded-[inherit] h-full w-full\">Beyond the historical structures of D\u00e1l Riata lies a deeper layer of tradition: the <strong data-start=\"3033\" data-end=\"3078\">ancient genealogical framework of Ireland<\/strong>, preserved in medieval manuscripts and later compilations such as the <em data-start=\"3149\" data-end=\"3177\">Annals of the Four Masters<\/em> and the genealogies recorded by writers like John O\u2019Hart.<\/div>\n<\/div>\n<\/div>\n<p data-start=\"3237\" data-end=\"3531\">At the center of this framework stands the figure of <strong data-start=\"3290\" data-end=\"3316\">Milesius (M\u00edl Esp\u00e1ine)<\/strong>, the legendary ancestor of the Gaels. According to Irish tradition, his sons divided the sovereignty of Ireland, establishing lines of descent that would shape the genealogical identity of the island for centuries.<\/p>\n<p data-start=\"3533\" data-end=\"3581\">Two of these lines are of particular importance:<\/p>\n<ul data-start=\"3583\" data-end=\"3872\">\n<li data-section-id=\"ijrkf6\" data-start=\"3583\" data-end=\"3715\">The line of <strong data-start=\"3597\" data-end=\"3607\">\u00c9rim\u00f3n<\/strong>, associated with the northern half of Ireland and later linked to powerful dynasties such as the O\u2019Neills<\/li>\n<li data-section-id=\"1xw3clg\" data-start=\"3716\" data-end=\"3872\">The line of <strong data-start=\"3730\" data-end=\"3743\">\u00c9ber Finn<\/strong>, associated with the southern regions and connected, in later tradition, to branches that extended into D\u00e1l Riata and Scotland<\/li>\n<\/ul>\n<p data-start=\"3874\" data-end=\"4204\">These divisions are not to be read as modern historical fact in the strict sense, but neither are they arbitrary inventions. They represent a <strong data-start=\"4016\" data-end=\"4047\">structured memory of origin<\/strong>, used by medieval scholars and chroniclers to organize the relationships between ruling families and to situate them within a coherent narrative of descent.<\/p>\n<p data-start=\"4206\" data-end=\"4534\">Within this framework, the royal lines of Ireland, D\u00e1l Riata, and ultimately Scotland are presented as <strong data-start=\"4309\" data-end=\"4353\">branches of a common ancestral tradition<\/strong>. This is particularly relevant in the case of Cen\u00e9l Loairn and related kindreds, whose presence in western Scotland reflects the extension of Irish royal structures across the sea.<\/p>\n<p data-start=\"4536\" data-end=\"4947\">The genealogies themselves become more historically grounded as they approach the early medieval period, particularly from the fifth century onward, when figures associated with D\u00e1l Riata and the early kings of Scotland begin to appear in both Irish and Scottish sources. Prior to this, the lines serve primarily as a record of <strong data-start=\"4864\" data-end=\"4900\">dynastic identity and continuity<\/strong>, rather than a strictly verifiable chronology.<\/p>\n<p data-start=\"4949\" data-end=\"5354\">For the purposes of this study, the importance of the Milesian framework lies not in proving each individual link, but in understanding the <strong data-start=\"5089\" data-end=\"5112\">context it provides<\/strong>. It demonstrates that the royal traditions preserved in Scotland\u2014whether associated with the MacAlpin line, the Moray dynasty, or clans such as the MacGregors\u2014were part of a wider Gaelic system of kingship that traced its origins to Ireland.<\/p>\n<p data-start=\"5356\" data-end=\"5751\">When viewed in this light, the convergence of traditions explored in the preceding sections becomes more coherent. The MacGregor claim to royal descent, the Moray connection, the Cen\u00e9l Loairn lineage, and the D\u00e1l Riata bridge all fit within a broader framework in which Irish, Pictish, and Scottish identities were not separate origins, but <strong data-start=\"5697\" data-end=\"5750\">interwoven expressions of a shared royal heritage<\/strong>.<\/p>\n<p data-start=\"2663\" data-end=\"2733\"><strong data-start=\"2663\" data-end=\"2668\">\u2078<\/strong> <em data-start=\"2669\" data-end=\"2697\">Annals of the Four Masters<\/em>, ed. John O\u2019Donovan (Dublin, 1856).<\/p>\n<p data-start=\"2760\" data-end=\"2921\"><strong data-start=\"2760\" data-end=\"2765\">\u2079<\/strong> John O\u2019Hart, <em data-start=\"2779\" data-end=\"2796\">Irish Pedigrees<\/em> (Dublin, 1892), Introduction (note: represents traditional genealogical compilations rather than strictly critical history).<\/p>\n<hr data-start=\"1837\" data-end=\"1840\" \/>\n<h1 data-section-id=\"5ba3a5\" data-start=\"273\" data-end=\"344\"><span role=\"text\"><strong data-start=\"275\" data-end=\"344\">8. Harmonizing the Traditions: Pict, Scot, and Irish Royal Memory<\/strong><\/span><\/h1>\n<div class=\"no-scrollbar flex min-h-36 flex-nowrap gap-0.5 overflow-auto sm:gap-1 sm:overflow-hidden xl:min-h-44 mt-1 mb-5 not-first:mt-4\">\n<div class=\"border-token-border-default relative w-32 shrink-0 overflow-hidden rounded-xl border-[0.5px] md:shrink max-h-64 sm:w-[calc((100%-0.5rem)\/3)]\">\n<div class=\"group\/search-image @container\/search-image relative rounded-[inherit] h-full w-full\">\n<div><img decoding=\"async\" class=\"bg-token-main-surface-tertiary m-0 h-full w-full object-cover\" src=\"https:\/\/watchman.news\/wp-content\/uploads\/2026\/04\/H27QfJ54DquutbUZAf2miI1Qa5ao3rsvLaMflurpDmHeP4rKLkQf9qbYa6IT5HMrCd9jnKlCJugyYcWHEUVkOIwJnlVWxPd2izQViZRuutSPNufMKtUzXHmbSpZAoHOFy2k_dcZgisqTtIXg0BCOqNBtGCB9SOBzAu7P6B0wGkspurposeinline\" alt=\"https:\/\/images.openai.com\/static-rsc-4\/joMeWqlnPfLcVIkm485B5cTy_wr9NhRXftANRKBAhTQbWNAliV8JjyShgyoOhzTroZimppn7ox-97qTQGu1CHUWhUtl5omOfTiyTLIuv6G7CSzmZA8bVaDUr_PsFLm7fehCWh84Zwl00ywFqSg_q9l_6FUy3iJXMv_uqAJz507ds7ADOkmeb0yznKO_a4pj5?purpose=fullsize\" \/><\/div>\n<\/div>\n<\/div>\n<div class=\"border-token-border-default relative w-32 shrink-0 overflow-hidden rounded-xl border-[0.5px] md:shrink max-h-64 sm:w-[calc((100%-0.5rem)\/3)] rounded-e-xl\">\n<div class=\"group\/search-image @container\/search-image relative rounded-[inherit] h-full w-full\">\n<div class=\"pointer-events-none absolute inset-x-2 bottom-2 z-0 flex max-w-[calc(100%-1rem)] flex-wrap items-end justify-end gap-1.5\">\n<div class=\"shrink-0\">\n<div class=\"flex items-center gap-1 rounded-full px-2 py-1.5 text-white backdrop-blur-md backdrop-brightness-75\"><\/div>\n<\/div>\n<\/div>\n<\/div>\n<\/div>\n<\/div>\n<p data-start=\"388\" data-end=\"904\">At first glance, the traditions examined in this study can appear contradictory. The MacGregor claim has been linked to the <strong data-start=\"512\" data-end=\"527\">Siol Alpine<\/strong> and the line of <span class=\"hover:entity-accent entity-underline inline cursor-pointer align-baseline\"><span class=\"whitespace-normal\">Kenneth MacAlpin<\/span><\/span>. At the same time, historical analysis points toward a connection with the <strong data-start=\"657\" data-end=\"694\">northern Pictish dynasty of Moray<\/strong>, associated with <strong data-start=\"712\" data-end=\"728\">Cen\u00e9l Loairn<\/strong>. Beyond this, the broader genealogical framework of Ireland traces royal lines back through the divisions of \u00c9rim\u00f3n and \u00c9ber Finn, ultimately rooted in the Milesian tradition.<\/p>\n<p data-start=\"906\" data-end=\"1077\">Taken separately, these strands seem difficult to reconcile. Yet when considered within the historical context of early medieval Scotland and Ireland, they begin to align.<\/p>\n<p data-start=\"1079\" data-end=\"1618\">The formation of the kingdom of Alba did not erase earlier identities; it brought them into relationship. Pictish, Gaelic, and Irish traditions coexisted and interacted, often recorded differently depending on the political or regional perspective of the source. A genealogy written in a southern Scottish context might emphasize MacAlpin descent, while one reflecting northern traditions might preserve the memory of Moray. Irish genealogies, in turn, placed both within a wider ancestral framework that extended beyond Scotland entirely.<\/p>\n<p data-start=\"1620\" data-end=\"1768\">In this light, the variations in tradition do not necessarily represent competing falsehoods, but <strong data-start=\"1718\" data-end=\"1767\">partial reflections of a more complex reality<\/strong>.<\/p>\n<p data-start=\"1770\" data-end=\"2135\">The concept that best describes this is not a single linear descent, but a <strong data-start=\"1845\" data-end=\"1872\">converging royal memory<\/strong>. Different records preserve different aspects of lineage, shaped by the priorities of their compilers\u2014whether political legitimacy, regional identity, or continuity with older traditions. When these are brought together, they reveal not contradiction, but depth.<\/p>\n<p data-start=\"2137\" data-end=\"2445\">The MacGregor tradition fits naturally within this model. Its association with Siol Alpine reflects one layer of historical memory; its potential connection to the Moray and Cen\u00e9l Loairn dynasties reflects another; and its resonance with the wider Irish genealogical structure provides yet a broader context.<\/p>\n<p data-start=\"2447\" data-end=\"2709\">Rather than diminishing the claim, this convergence strengthens it. It suggests that the royal identity preserved by Clan Gregor is not dependent on a single narrow pedigree, but is rooted in a <strong data-start=\"2641\" data-end=\"2708\">shared inheritance across the Pictish, Gaelic, and Irish worlds<\/strong>.<\/p>\n<p data-start=\"2711\" data-end=\"2920\">In this way, the enduring declaration <strong data-start=\"2749\" data-end=\"2775\">\u201c\u2019S Rioghal Mo Dhream\u201d<\/strong> can be understood not as an isolated boast, but as the preserved expression of a tradition that spans multiple strands of early Celtic kingship.<\/p>\n<p data-start=\"3102\" data-end=\"3216\"><strong data-start=\"3102\" data-end=\"3108\">\u00b9\u2070<\/strong> Compare genealogical variations across Irish and Scottish traditions in Hudson, <em data-start=\"3189\" data-end=\"3215\">Kings of Celtic Scotland<\/em>.<\/p>\n<hr data-start=\"2922\" data-end=\"2925\" \/>\n<h1 data-section-id=\"1jpr8fj\" data-start=\"2927\" data-end=\"2976\"><span role=\"text\"><strong data-start=\"2929\" data-end=\"2976\">9. Conclusion: The Royal Claim Reconsidered<\/strong><\/span><\/h1>\n<div class=\"no-scrollbar flex min-h-36 flex-nowrap gap-0.5 overflow-auto sm:gap-1 sm:overflow-hidden xl:min-h-44 mt-1 mb-5 not-first:mt-4\">\n<div class=\"border-token-border-default relative w-32 shrink-0 overflow-hidden rounded-xl border-[0.5px] md:shrink max-h-64 sm:w-[calc((100%-0.5rem)\/3)] rounded-e-xl\">\n<div class=\"group\/search-image @container\/search-image relative rounded-[inherit] h-full w-full\">\n<div class=\"pointer-events-none absolute inset-x-2 bottom-2 z-0 flex max-w-[calc(100%-1rem)] flex-wrap items-end justify-end gap-1.5\">\n<div class=\"shrink-0\">\n<div class=\"flex items-center gap-1 rounded-full px-2 py-1.5 text-white backdrop-blur-md backdrop-brightness-75\"><span class=\"text-xs font-semibold\"><button class=\"h-full w-full overflow-hidden rounded-[inherit]\" type=\"button\" aria-label=\"Open image details for Handmade Clan\/Family Crest Wall Plaque | Scotland House, Ltd.\"><img decoding=\"async\" class=\"bg-token-main-surface-tertiary m-0 h-full w-full object-cover\" src=\"https:\/\/watchman.news\/wp-content\/uploads\/2026\/04\/WMnqQ760Xyr-_dCHfu-Jsc-Am_5mj7mAlRXSAdRQcEbF8Zc_uN9U97gPeXxzYdDotFltrki3WaxpRCCBnN2pk2mHA2OjM4nffu69HNIhlixh9X9XG9HRBQvHNpJHdiHXynvPTqwWoi-5beZvHux_g4oSfKyrkAIZ8GBSwJVyHrMpurposeinline\" alt=\"https:\/\/images.openai.com\/static-rsc-4\/6S7uYv1e8GgCMdZ-EkciRaW831QaMqiuzxd0EjDcTJZYo-432z9TEbNBcBDrAMofIKRuWajW3gQk305-3uXDd6lbejVFhOFRAvjXZun_gAXFgljCrBd7NGwQByTCP9Y0_OxT55OWN3VX32Hrwgo12p6fojyGKhPZqwWCyPEXDCgzqSJa3wi-SQi-y0wvuOge?purpose=fullsize\" \/><\/button><\/span><\/div>\n<\/div>\n<\/div>\n<\/div>\n<\/div>\n<\/div>\n<p data-start=\"3020\" data-end=\"3358\">The royal claim of Clan Gregor has often been viewed through a limited lens, framed primarily in relation to the MacAlpin dynasty and the later development of the Scottish monarchy. While this perspective preserves an important part of the tradition, it does not fully account for the complexity of early Scottish and Irish royal history.<\/p>\n<p data-start=\"3360\" data-end=\"3400\">This study has taken a broader approach.<\/p>\n<p data-start=\"3402\" data-end=\"3864\">By examining the relationship between Scots and Picts, the role of <strong data-start=\"3469\" data-end=\"3510\"><span class=\"hover:entity-accent entity-underline inline cursor-pointer align-baseline\"><span class=\"whitespace-normal\">Giric mac D\u00fangal<\/span><\/span><\/strong>, the continuity of the <strong data-start=\"3534\" data-end=\"3551\">Moray dynasty<\/strong>, the structure of <strong data-start=\"3570\" data-end=\"3586\">Cen\u00e9l Loairn<\/strong>, and the bridging function of <strong data-start=\"3617\" data-end=\"3630\">D\u00e1l Riata<\/strong>, a wider framework emerges\u2014one in which multiple royal traditions intersect. When placed alongside the Irish genealogical system, these connections reveal a network of inheritance that extends beyond the confines of a single dynasty.<\/p>\n<p data-start=\"3866\" data-end=\"4279\">Within this framework, the MacGregor claim to royal descent appears not as an isolated or unsupported assertion, but as part of a <strong data-start=\"3996\" data-end=\"4045\">coherent historical and traditional continuum<\/strong>. The difficulty in tracing a single, uninterrupted line through the MacAlpin genealogy does not invalidate the claim; rather, it points to a deeper and more distributed inheritance, one preserved across multiple strands of tradition.<\/p>\n<p data-start=\"4281\" data-end=\"4591\">The strength of the MacGregor identity lies precisely in this continuity. Despite centuries of adversity\u2014loss of lands, legal proscription, and fragmentation\u2014the clan retained a clear and consistent understanding of its origin. That memory was not erased, even when formal records were incomplete or contested.<\/p>\n<p data-start=\"4593\" data-end=\"5005\">In this sense, the declaration <strong data-start=\"4624\" data-end=\"4671\">\u201c\u2019S Rioghal Mo Dhream\u201d \u2014 \u201cRoyal is my race\u201d<\/strong> stands not merely as a statement of pride, but as a reflection of a <strong data-start=\"4740\" data-end=\"4802\">long-standing and resilient tradition of royal association<\/strong>. When viewed in the broader context of Pictish, Gaelic, and Irish history, it becomes clear that this claim is not confined to a single lineage, but belongs to a wider heritage of early Celtic kingship.<\/p>\n<p data-start=\"5007\" data-end=\"5190\">The MacGregor story, therefore, is not only the story of one clan. It is part of a larger narrative\u2014the convergence of ancient traditions that shaped the formation of Scotland itself.<\/p>\n<hr data-start=\"1837\" data-end=\"1840\" \/>\n<h2 data-section-id=\"un34u2\" data-start=\"3805\" data-end=\"3887\"><span role=\"text\"><strong data-start=\"3808\" data-end=\"3887\">10. The Royal Line Made Simple: From MacGregor to the High Kings of Ireland<\/strong><\/span><\/h2>\n<p data-start=\"3889\" data-end=\"4008\">For many readers, the question remains: how do all of these traditions connect in a way that can be clearly understood?<\/p>\n<p data-start=\"4010\" data-end=\"4082\">Stripped of complexity, the preserved tradition can be expressed simply:<\/p>\n<ul data-start=\"4084\" data-end=\"4765\">\n<li data-section-id=\"zaf28g\" data-start=\"4084\" data-end=\"4255\">Clan Gregor maintains a claim of descent from an early royal figure, often associated with <strong data-start=\"4177\" data-end=\"4218\"><span class=\"hover:entity-accent entity-underline inline cursor-pointer align-baseline\"><span class=\"whitespace-normal\">Giric mac D\u00fangal<\/span><\/span><\/strong>, a king of Alba in the 9th century<\/li>\n<li data-section-id=\"vggdta\" data-start=\"4256\" data-end=\"4402\">Giric is understood by modern scholarship to be connected to the <strong data-start=\"4323\" data-end=\"4360\">northern Pictish dynasty of Moray<\/strong>, rather than the southern MacAlpin line<\/li>\n<li data-section-id=\"1xezrs7\" data-start=\"4403\" data-end=\"4509\">That northern dynasty is associated with <strong data-start=\"4446\" data-end=\"4462\">Cen\u00e9l Loairn<\/strong>, a branch of the Gaelic kingdom of D\u00e1l Riata<\/li>\n<li data-section-id=\"17jvzgc\" data-start=\"4510\" data-end=\"4585\">D\u00e1l Riata itself forms a historical bridge between Scotland and Ireland<\/li>\n<li data-section-id=\"1r63ung\" data-start=\"4586\" data-end=\"4765\">And within Irish tradition, these royal lines are situated within the broader framework of the <strong data-start=\"4683\" data-end=\"4708\">High Kings of Ireland<\/strong>, including the line later associated with the O\u2019Neills<\/li>\n<\/ul>\n<p data-start=\"4767\" data-end=\"4818\">Presented in this way, the tradition becomes clear:<\/p>\n<blockquote data-start=\"4820\" data-end=\"4898\">\n<p data-start=\"4822\" data-end=\"4898\"><strong data-start=\"4822\" data-end=\"4898\">MacGregor \u2192 Giric \u2192 Moray (Pictish Kings) \u2192 D\u00e1l Riata \u2192 Irish High Kings<\/strong><\/p>\n<\/blockquote>\n<p data-start=\"4900\" data-end=\"5098\">This does not represent a single uninterrupted documentary pedigree in the modern sense. Rather, it reflects a <strong data-start=\"5011\" data-end=\"5052\">converging tradition of royal descent<\/strong>, preserved across Scottish and Irish sources.<\/p>\n<p data-start=\"5100\" data-end=\"5176\">What is often missing is not the tradition itself, but its clear expression.<\/p>\n<p data-start=\"5178\" data-end=\"5223\">When understood in this way, the declaration:<\/p>\n<p data-start=\"5225\" data-end=\"5272\"><strong data-start=\"5225\" data-end=\"5272\">\u201c\u2019S Rioghal Mo Dhream\u201d \u2014 \u201cRoyal is my race\u201d<\/strong><\/p>\n<p data-start=\"5274\" data-end=\"5420\">ceases to be an abstract claim, and instead becomes a concise statement of a lineage that spans the royal traditions of both Scotland and Ireland.<\/p>\n<hr data-start=\"1837\" data-end=\"1840\" \/>\n<h2 data-section-id=\"abb0bm\" data-start=\"3237\" data-end=\"3300\"><span role=\"text\"><strong data-start=\"3240\" data-end=\"3300\">11. Royal Houses of Scotland and the Question of Origins<\/strong><\/span><\/h2>\n<p data-start=\"3302\" data-end=\"3588\">The later royal houses of Scotland, including those of <span class=\"hover:entity-accent entity-underline inline cursor-pointer align-baseline\"><span class=\"whitespace-normal\">Robert the Bruce<\/span><\/span> and the <span class=\"hover:entity-accent entity-underline inline cursor-pointer align-baseline\"><span class=\"whitespace-normal\">House of Stuart<\/span><\/span>, are well known and well documented. Their legitimacy rests on medieval succession, noble recognition, and their rule over the kingdom of Scotland.<\/p>\n<p data-start=\"3590\" data-end=\"3656\">These lines, however, belong to a later phase of Scottish history.<\/p>\n<p data-start=\"3658\" data-end=\"3973\">Both the Bruce and Stewart dynasties ultimately trace their authority through the kings of Alba, commonly associated with the line of <span class=\"hover:entity-accent entity-underline inline cursor-pointer align-baseline\"><span class=\"whitespace-normal\">Kenneth MacAlpin<\/span><\/span>. Yet the formation of Alba itself was not the beginning of kingship in Scotland, but the continuation of earlier Pictish and Gaelic traditions.<\/p>\n<p data-start=\"3975\" data-end=\"4078\">It is within this earlier framework that the tradition of Clan Gregor becomes particularly significant.<\/p>\n<p data-start=\"4080\" data-end=\"4493\">Rather than focusing solely on the later institutional monarchy, the MacGregor tradition points toward the <strong data-start=\"4187\" data-end=\"4233\">older royal landscape of northern Scotland<\/strong>, especially the figure of <span class=\"hover:entity-accent entity-underline inline cursor-pointer align-baseline\"><span class=\"whitespace-normal\">Giric mac D\u00fangal<\/span><\/span> and the dynasty associated with Moray. When considered alongside the connections to D\u00e1l Riata and the Irish royal genealogies, this tradition reflects a broader and earlier context of kingship.<\/p>\n<p data-start=\"4495\" data-end=\"4573\">In this sense, the difference is not one of contradiction, but of perspective.<\/p>\n<p data-start=\"4575\" data-end=\"4792\">The Bruce and Stewart lines represent the <strong data-start=\"4617\" data-end=\"4662\">established monarchy of medieval Scotland<\/strong>. The MacGregor tradition, by contrast, may preserve memory of the <strong data-start=\"4729\" data-end=\"4791\">earlier royal foundations from which that monarchy emerged<\/strong>.<\/p>\n<hr data-start=\"1837\" data-end=\"1840\" \/>\n<h2 data-section-id=\"wq0zl7\" data-start=\"908\" data-end=\"927\">\ud83d\udcd6 Further Study<\/h2>\n<p data-start=\"929\" data-end=\"1070\">Those wishing to explore the deeper Irish genealogical traditions that underlie early Scottish royal lines may consult the companion article:<\/p>\n<p data-start=\"1072\" data-end=\"1112\">\ud83d\udc49 <a href=\"https:\/\/celticorthodoxy.com\/2026\/04\/high-kings-ireland-milesian-origins-gaelic-genealogy\/\"><span class=\"hover:entity-accent entity-underline inline cursor-pointer align-baseline\"><span class=\"whitespace-normal\">From the High Kings of Ireland to the Milesian Origins<\/span><\/span><\/a><\/p>\n","protected":false},"excerpt":{"rendered":"<p>Tracing Clan Gregor from the kings of Scotland to the High Kings of Ireland &nbsp; 1. Introduction: \u201cRoyal Is My Race\u201d The MacGregor declaration Siol Alpine and the problem of proof Framing the question of origins 2. Scots and Picts: One Royal Tradition? Dal Riata and Pictland Political vs ancestral identity The MacAlpin narrative 3. [&hellip;]<\/p>\n","protected":false},"author":6,"featured_media":164118,"comment_status":"closed","ping_status":"closed","sticky":false,"template":"","format":"standard","meta":{"seo_booster_metabox":"","footnotes":""},"categories":[210,13,3584,3598,3689,3571,3582,3553,3597,3565,3568,3572,3567,3586,3587,3585,3583,31,3563,3575],"tags":[2993,614,4049,4310,3931,865,4311,4312,4318,3965,4313,3493,4314,4052,4315,4039,1095,4316,4319,1255,4320,4317],"class_list":["post-164105","post","type-post","status-publish","format-standard","has-post-thumbnail","hentry","category-christian-israel-tribes-british-theology","category-covenantal-sovereignty","category-ecclesiastical","category-from-the-desk-of-our-primace","category-good-news-of-the-kingdom","category-law-institute","category-legitimist-philosophy","category-literature","category-news","category-order-establishments","category-peace-institute","category-perpetual-confederation","category-priory-of-salem","category-protectorates","category-public-representation","category-royal-noble","category-sovereignty-intl-law","category-special-reports","category-templar","category-usurped-incorporated-states","tag-ancient-irish-history","tag-celtic","tag-celtic-dynasty","tag-clan-macgregor","tag-clans","tag-culdees","tag-gaelic","tag-gregor","tag-irish-nobility","tag-irish-race","tag-king-giric","tag-legitimist","tag-macalpin","tag-macgregor","tag-moray","tag-oneill","tag-orthodox-church-of-the-culdees","tag-picts","tag-red-branch","tag-scots-irish","tag-scottish-nobility","tag-siol-alpine"],"yoast_head":"<!-- This site is optimized with the Yoast SEO plugin v27.2 - https:\/\/yoast.com\/product\/yoast-seo-wordpress\/ -->\n<title>The Royal Claim of Clan Gregor: From Siol Alpine to the Pictish Kings of Moray and Ireland - Watchman News<\/title>\n<meta name=\"robots\" content=\"index, follow, max-snippet:-1, max-image-preview:large, max-video-preview:-1\" \/>\n<link rel=\"canonical\" href=\"https:\/\/watchman.news\/uk\/2026\/04\/clan-gregor-royal-claim-siol-alpine-moray-ireland\/\" \/>\n<meta property=\"og:locale\" content=\"uk_UA\" \/>\n<meta property=\"og:type\" content=\"article\" \/>\n<meta property=\"og:title\" content=\"The Royal Claim of Clan Gregor: From Siol Alpine to the Pictish Kings of Moray and Ireland - Watchman News\" \/>\n<meta property=\"og:description\" content=\"Tracing Clan Gregor from the kings of Scotland to the High Kings of Ireland &nbsp; 1. Introduction: \u201cRoyal Is My Race\u201d The MacGregor declaration Siol Alpine and the problem of proof Framing the question of origins 2. Scots and Picts: One Royal Tradition? Dal Riata and Pictland Political vs ancestral identity The MacAlpin narrative 3. [&hellip;]\" \/>\n<meta property=\"og:url\" content=\"https:\/\/watchman.news\/uk\/2026\/04\/clan-gregor-royal-claim-siol-alpine-moray-ireland\/\" \/>\n<meta property=\"og:site_name\" content=\"Watchman News\" \/>\n<meta property=\"article:author\" content=\"https:\/\/www.facebook.com\/OrthodoxChurchoftheCuldees\" \/>\n<meta property=\"article:published_time\" content=\"2026-04-30T20:51:47+00:00\" \/>\n<meta property=\"article:modified_time\" content=\"2026-04-30T21:27:16+00:00\" \/>\n<meta property=\"og:image\" content=\"https:\/\/watchman.news\/wp-content\/uploads\/2026\/04\/macgregor-shield-legitimacy.png\" \/>\n\t<meta property=\"og:image:width\" content=\"720\" \/>\n\t<meta property=\"og:image:height\" content=\"720\" \/>\n\t<meta property=\"og:image:type\" content=\"image\/png\" \/>\n<meta name=\"author\" content=\"Office of the Primace\" \/>\n<meta name=\"twitter:card\" content=\"summary_large_image\" \/>\n<meta name=\"twitter:creator\" content=\"@https:\/\/twitter.com\/RevDrBrunswick\" \/>\n<meta name=\"twitter:label1\" content=\"\u041d\u0430\u043f\u0438\u0441\u0430\u043d\u043e\" \/>\n\t<meta name=\"twitter:data1\" content=\"Office of the Primace\" \/>\n\t<meta name=\"twitter:label2\" content=\"\u041f\u0440\u0438\u0431\u043b. \u0447\u0430\u0441 \u0447\u0438\u0442\u0430\u043d\u043d\u044f\" \/>\n\t<meta name=\"twitter:data2\" content=\"22 \u0445\u0432\u0438\u043b\u0438\u043d\u0438\" \/>\n<script type=\"application\/ld+json\" class=\"yoast-schema-graph\">{\"@context\":\"https:\/\/schema.org\",\"@graph\":[{\"@type\":\"Article\",\"@id\":\"https:\/\/watchman.news\/2026\/04\/clan-gregor-royal-claim-siol-alpine-moray-ireland\/#article\",\"isPartOf\":{\"@id\":\"https:\/\/watchman.news\/2026\/04\/clan-gregor-royal-claim-siol-alpine-moray-ireland\/\"},\"author\":{\"name\":\"Office of the Primace\",\"@id\":\"https:\/\/watchman.news\/#\/schema\/person\/89e058d36018906a5addc65ebc35217a\"},\"headline\":\"The Royal Claim of Clan Gregor: From Siol Alpine to the Pictish Kings of Moray and Ireland\",\"datePublished\":\"2026-04-30T20:51:47+00:00\",\"dateModified\":\"2026-04-30T21:27:16+00:00\",\"mainEntityOfPage\":{\"@id\":\"https:\/\/watchman.news\/2026\/04\/clan-gregor-royal-claim-siol-alpine-moray-ireland\/\"},\"wordCount\":4486,\"image\":{\"@id\":\"https:\/\/watchman.news\/2026\/04\/clan-gregor-royal-claim-siol-alpine-moray-ireland\/#primaryimage\"},\"thumbnailUrl\":\"https:\/\/watchman.news\/wp-content\/uploads\/2026\/04\/macgregor-shield-legitimacy.png\",\"keywords\":[\"ancient irish history\",\"celtic\",\"celtic dynasty\",\"clan macgregor\",\"clans\",\"culdees\",\"gaelic\",\"gregor\",\"irish nobility\",\"irish race\",\"king giric\",\"legitimist\",\"macalpin\",\"macgregor\",\"moray\",\"oneill\",\"orthodox church of the culdees\",\"picts\",\"red branch\",\"scots-irish\",\"scottish nobility\",\"siol alpine\"],\"articleSection\":[\"Christian Israel: Tribal &amp; Theological\",\"Covenantal Sovereignty\",\"Ecclesiastical\",\"From the Desk of our Primace\",\"Good News of the Kingdom\",\"Law Institute\",\"Legitimist Philosophy\",\"Literature\",\"News\",\"Order Establishments\",\"Peace Institute\",\"Perpetual Confederation (for Christ)\",\"Priory of Salem\",\"Protectorates\",\"Public Representation\",\"Royal &amp; Noble\",\"Sovereignty &amp; Intl. Law\",\"Special Reports\",\"Templar\",\"Usurped Incorporated States\"],\"inLanguage\":\"uk\"},{\"@type\":\"WebPage\",\"@id\":\"https:\/\/watchman.news\/2026\/04\/clan-gregor-royal-claim-siol-alpine-moray-ireland\/\",\"url\":\"https:\/\/watchman.news\/2026\/04\/clan-gregor-royal-claim-siol-alpine-moray-ireland\/\",\"name\":\"The Royal Claim of Clan Gregor: From Siol Alpine to the Pictish Kings of Moray and Ireland - Watchman News\",\"isPartOf\":{\"@id\":\"https:\/\/watchman.news\/#website\"},\"primaryImageOfPage\":{\"@id\":\"https:\/\/watchman.news\/2026\/04\/clan-gregor-royal-claim-siol-alpine-moray-ireland\/#primaryimage\"},\"image\":{\"@id\":\"https:\/\/watchman.news\/2026\/04\/clan-gregor-royal-claim-siol-alpine-moray-ireland\/#primaryimage\"},\"thumbnailUrl\":\"https:\/\/watchman.news\/wp-content\/uploads\/2026\/04\/macgregor-shield-legitimacy.png\",\"datePublished\":\"2026-04-30T20:51:47+00:00\",\"dateModified\":\"2026-04-30T21:27:16+00:00\",\"author\":{\"@id\":\"https:\/\/watchman.news\/#\/schema\/person\/89e058d36018906a5addc65ebc35217a\"},\"breadcrumb\":{\"@id\":\"https:\/\/watchman.news\/2026\/04\/clan-gregor-royal-claim-siol-alpine-moray-ireland\/#breadcrumb\"},\"inLanguage\":\"uk\",\"potentialAction\":[{\"@type\":\"ReadAction\",\"target\":[\"https:\/\/watchman.news\/2026\/04\/clan-gregor-royal-claim-siol-alpine-moray-ireland\/\"]}]},{\"@type\":\"ImageObject\",\"inLanguage\":\"uk\",\"@id\":\"https:\/\/watchman.news\/2026\/04\/clan-gregor-royal-claim-siol-alpine-moray-ireland\/#primaryimage\",\"url\":\"https:\/\/watchman.news\/wp-content\/uploads\/2026\/04\/macgregor-shield-legitimacy.png\",\"contentUrl\":\"https:\/\/watchman.news\/wp-content\/uploads\/2026\/04\/macgregor-shield-legitimacy.png\",\"width\":720,\"height\":720},{\"@type\":\"BreadcrumbList\",\"@id\":\"https:\/\/watchman.news\/2026\/04\/clan-gregor-royal-claim-siol-alpine-moray-ireland\/#breadcrumb\",\"itemListElement\":[{\"@type\":\"ListItem\",\"position\":1,\"name\":\"Home\",\"item\":\"https:\/\/watchman.news\/\"},{\"@type\":\"ListItem\",\"position\":2,\"name\":\"The Royal Claim of Clan Gregor: From Siol Alpine to the Pictish Kings of Moray and Ireland\"}]},{\"@type\":\"WebSite\",\"@id\":\"https:\/\/watchman.news\/#website\",\"url\":\"https:\/\/watchman.news\/\",\"name\":\"Watchman News\",\"description\":\"News of Importance for the True Christian Israel\",\"potentialAction\":[{\"@type\":\"SearchAction\",\"target\":{\"@type\":\"EntryPoint\",\"urlTemplate\":\"https:\/\/watchman.news\/?s={search_term_string}\"},\"query-input\":{\"@type\":\"PropertyValueSpecification\",\"valueRequired\":true,\"valueName\":\"search_term_string\"}}],\"inLanguage\":\"uk\"},{\"@type\":\"Person\",\"@id\":\"https:\/\/watchman.news\/#\/schema\/person\/89e058d36018906a5addc65ebc35217a\",\"name\":\"Office of the Primace\",\"image\":{\"@type\":\"ImageObject\",\"inLanguage\":\"uk\",\"@id\":\"https:\/\/secure.gravatar.com\/avatar\/99f25e7a8882d137e2bb163d6ca54d83b2f85c87618faabfe4408b413a1ab183?s=96&d=mm&r=g\",\"url\":\"https:\/\/secure.gravatar.com\/avatar\/99f25e7a8882d137e2bb163d6ca54d83b2f85c87618faabfe4408b413a1ab183?s=96&d=mm&r=g\",\"contentUrl\":\"https:\/\/secure.gravatar.com\/avatar\/99f25e7a8882d137e2bb163d6ca54d83b2f85c87618faabfe4408b413a1ab183?s=96&d=mm&r=g\",\"caption\":\"Office of the Primace\"},\"description\":\"Help our thousands of articles and books gain reputation in the search engines by linking to our articles also via our social platforms: Orthodox Celtic Church on Facebook Orthodox Celtic Church on tumblr Orthodox Celtic Church on Twitter Orthodox Celtic Church on Quora Orthodox Celtic Church on Mewe Orthodox Celtic Church on reddit Orthodox Celtic Church NEW GROUP on reddit\",\"sameAs\":[\"https:\/\/www.facebook.com\/OrthodoxChurchoftheCuldees\",\"https:\/\/www.instagram.com\/thebrunswickers\/\",\"https:\/\/www.pinterest.com\/stephenmkb\/st-andrews-st-josephs-occ\/\",\"https:\/\/x.com\/https:\/\/twitter.com\/RevDrBrunswick\",\"http:\/\/youtube.com\/thebrunswickers\",\"https:\/\/orthodox-celtic-church.tumblr.com\/\"],\"url\":\"https:\/\/watchman.news\/uk\/author\/rev-sm\/\"}]}<\/script>\n<!-- \/ Yoast SEO plugin. -->","yoast_head_json":{"title":"The Royal Claim of Clan Gregor: From Siol Alpine to the Pictish Kings of Moray and Ireland - Watchman News","robots":{"index":"index","follow":"follow","max-snippet":"max-snippet:-1","max-image-preview":"max-image-preview:large","max-video-preview":"max-video-preview:-1"},"canonical":"https:\/\/watchman.news\/uk\/2026\/04\/clan-gregor-royal-claim-siol-alpine-moray-ireland\/","og_locale":"uk_UA","og_type":"article","og_title":"The Royal Claim of Clan Gregor: From Siol Alpine to the Pictish Kings of Moray and Ireland - Watchman News","og_description":"Tracing Clan Gregor from the kings of Scotland to the High Kings of Ireland &nbsp; 1. Introduction: \u201cRoyal Is My Race\u201d The MacGregor declaration Siol Alpine and the problem of proof Framing the question of origins 2. Scots and Picts: One Royal Tradition? Dal Riata and Pictland Political vs ancestral identity The MacAlpin narrative 3. [&hellip;]","og_url":"https:\/\/watchman.news\/uk\/2026\/04\/clan-gregor-royal-claim-siol-alpine-moray-ireland\/","og_site_name":"Watchman News","article_author":"https:\/\/www.facebook.com\/OrthodoxChurchoftheCuldees","article_published_time":"2026-04-30T20:51:47+00:00","article_modified_time":"2026-04-30T21:27:16+00:00","og_image":[{"width":720,"height":720,"url":"https:\/\/watchman.news\/wp-content\/uploads\/2026\/04\/macgregor-shield-legitimacy.png","type":"image\/png"}],"author":"Office of the Primace","twitter_card":"summary_large_image","twitter_creator":"@https:\/\/twitter.com\/RevDrBrunswick","twitter_misc":{"\u041d\u0430\u043f\u0438\u0441\u0430\u043d\u043e":"Office of the Primace","\u041f\u0440\u0438\u0431\u043b. \u0447\u0430\u0441 \u0447\u0438\u0442\u0430\u043d\u043d\u044f":"22 \u0445\u0432\u0438\u043b\u0438\u043d\u0438"},"schema":{"@context":"https:\/\/schema.org","@graph":[{"@type":"Article","@id":"https:\/\/watchman.news\/2026\/04\/clan-gregor-royal-claim-siol-alpine-moray-ireland\/#article","isPartOf":{"@id":"https:\/\/watchman.news\/2026\/04\/clan-gregor-royal-claim-siol-alpine-moray-ireland\/"},"author":{"name":"Office of the Primace","@id":"https:\/\/watchman.news\/#\/schema\/person\/89e058d36018906a5addc65ebc35217a"},"headline":"The Royal Claim of Clan Gregor: From Siol Alpine to the Pictish Kings of Moray and Ireland","datePublished":"2026-04-30T20:51:47+00:00","dateModified":"2026-04-30T21:27:16+00:00","mainEntityOfPage":{"@id":"https:\/\/watchman.news\/2026\/04\/clan-gregor-royal-claim-siol-alpine-moray-ireland\/"},"wordCount":4486,"image":{"@id":"https:\/\/watchman.news\/2026\/04\/clan-gregor-royal-claim-siol-alpine-moray-ireland\/#primaryimage"},"thumbnailUrl":"https:\/\/watchman.news\/wp-content\/uploads\/2026\/04\/macgregor-shield-legitimacy.png","keywords":["ancient irish history","celtic","celtic dynasty","clan macgregor","clans","culdees","gaelic","gregor","irish nobility","irish race","king giric","legitimist","macalpin","macgregor","moray","oneill","orthodox church of the culdees","picts","red branch","scots-irish","scottish nobility","siol alpine"],"articleSection":["Christian Israel: Tribal &amp; Theological","Covenantal Sovereignty","Ecclesiastical","From the Desk of our Primace","Good News of the Kingdom","Law Institute","Legitimist Philosophy","Literature","News","Order Establishments","Peace Institute","Perpetual Confederation (for Christ)","Priory of Salem","Protectorates","Public Representation","Royal &amp; Noble","Sovereignty &amp; Intl. Law","Special Reports","Templar","Usurped Incorporated States"],"inLanguage":"uk"},{"@type":"WebPage","@id":"https:\/\/watchman.news\/2026\/04\/clan-gregor-royal-claim-siol-alpine-moray-ireland\/","url":"https:\/\/watchman.news\/2026\/04\/clan-gregor-royal-claim-siol-alpine-moray-ireland\/","name":"The Royal Claim of Clan Gregor: From Siol Alpine to the Pictish Kings of Moray and Ireland - Watchman News","isPartOf":{"@id":"https:\/\/watchman.news\/#website"},"primaryImageOfPage":{"@id":"https:\/\/watchman.news\/2026\/04\/clan-gregor-royal-claim-siol-alpine-moray-ireland\/#primaryimage"},"image":{"@id":"https:\/\/watchman.news\/2026\/04\/clan-gregor-royal-claim-siol-alpine-moray-ireland\/#primaryimage"},"thumbnailUrl":"https:\/\/watchman.news\/wp-content\/uploads\/2026\/04\/macgregor-shield-legitimacy.png","datePublished":"2026-04-30T20:51:47+00:00","dateModified":"2026-04-30T21:27:16+00:00","author":{"@id":"https:\/\/watchman.news\/#\/schema\/person\/89e058d36018906a5addc65ebc35217a"},"breadcrumb":{"@id":"https:\/\/watchman.news\/2026\/04\/clan-gregor-royal-claim-siol-alpine-moray-ireland\/#breadcrumb"},"inLanguage":"uk","potentialAction":[{"@type":"ReadAction","target":["https:\/\/watchman.news\/2026\/04\/clan-gregor-royal-claim-siol-alpine-moray-ireland\/"]}]},{"@type":"ImageObject","inLanguage":"uk","@id":"https:\/\/watchman.news\/2026\/04\/clan-gregor-royal-claim-siol-alpine-moray-ireland\/#primaryimage","url":"https:\/\/watchman.news\/wp-content\/uploads\/2026\/04\/macgregor-shield-legitimacy.png","contentUrl":"https:\/\/watchman.news\/wp-content\/uploads\/2026\/04\/macgregor-shield-legitimacy.png","width":720,"height":720},{"@type":"BreadcrumbList","@id":"https:\/\/watchman.news\/2026\/04\/clan-gregor-royal-claim-siol-alpine-moray-ireland\/#breadcrumb","itemListElement":[{"@type":"ListItem","position":1,"name":"Home","item":"https:\/\/watchman.news\/"},{"@type":"ListItem","position":2,"name":"The Royal Claim of Clan Gregor: From Siol Alpine to the Pictish Kings of Moray and Ireland"}]},{"@type":"WebSite","@id":"https:\/\/watchman.news\/#website","url":"https:\/\/watchman.news\/","name":"\u041d\u043e\u0432\u0438\u043d\u0438 \u0441\u0442\u043e\u0440\u043e\u0436\u0430","description":"News of Importance for the True Christian Israel","potentialAction":[{"@type":"SearchAction","target":{"@type":"EntryPoint","urlTemplate":"https:\/\/watchman.news\/?s={search_term_string}"},"query-input":{"@type":"PropertyValueSpecification","valueRequired":true,"valueName":"search_term_string"}}],"inLanguage":"uk"},{"@type":"Person","@id":"https:\/\/watchman.news\/#\/schema\/person\/89e058d36018906a5addc65ebc35217a","name":"\u041e\u0444\u0456\u0441 \u041f\u0440\u0438\u043c\u0430\u0441\u0443","image":{"@type":"ImageObject","inLanguage":"uk","@id":"https:\/\/secure.gravatar.com\/avatar\/99f25e7a8882d137e2bb163d6ca54d83b2f85c87618faabfe4408b413a1ab183?s=96&d=mm&r=g","url":"https:\/\/secure.gravatar.com\/avatar\/99f25e7a8882d137e2bb163d6ca54d83b2f85c87618faabfe4408b413a1ab183?s=96&d=mm&r=g","contentUrl":"https:\/\/secure.gravatar.com\/avatar\/99f25e7a8882d137e2bb163d6ca54d83b2f85c87618faabfe4408b413a1ab183?s=96&d=mm&r=g","caption":"Office of the Primace"},"description":"Help our thousands of articles and books gain reputation in the search engines by linking to our articles also via our social platforms: Orthodox Celtic Church on Facebook Orthodox Celtic Church on tumblr Orthodox Celtic Church on Twitter Orthodox Celtic Church on Quora Orthodox Celtic Church on Mewe Orthodox Celtic Church on reddit Orthodox Celtic Church NEW GROUP on reddit","sameAs":["https:\/\/www.facebook.com\/OrthodoxChurchoftheCuldees","https:\/\/www.instagram.com\/thebrunswickers\/","https:\/\/www.pinterest.com\/stephenmkb\/st-andrews-st-josephs-occ\/","https:\/\/x.com\/https:\/\/twitter.com\/RevDrBrunswick","http:\/\/youtube.com\/thebrunswickers","https:\/\/orthodox-celtic-church.tumblr.com\/"],"url":"https:\/\/watchman.news\/uk\/author\/rev-sm\/"}]}},"_links":{"self":[{"href":"https:\/\/watchman.news\/uk\/wp-json\/wp\/v2\/posts\/164105","targetHints":{"allow":["GET"]}}],"collection":[{"href":"https:\/\/watchman.news\/uk\/wp-json\/wp\/v2\/posts"}],"about":[{"href":"https:\/\/watchman.news\/uk\/wp-json\/wp\/v2\/types\/post"}],"author":[{"embeddable":true,"href":"https:\/\/watchman.news\/uk\/wp-json\/wp\/v2\/users\/6"}],"replies":[{"embeddable":true,"href":"https:\/\/watchman.news\/uk\/wp-json\/wp\/v2\/comments?post=164105"}],"version-history":[{"count":0,"href":"https:\/\/watchman.news\/uk\/wp-json\/wp\/v2\/posts\/164105\/revisions"}],"wp:featuredmedia":[{"embeddable":true,"href":"https:\/\/watchman.news\/uk\/wp-json\/wp\/v2\/media\/164118"}],"wp:attachment":[{"href":"https:\/\/watchman.news\/uk\/wp-json\/wp\/v2\/media?parent=164105"}],"wp:term":[{"taxonomy":"category","embeddable":true,"href":"https:\/\/watchman.news\/uk\/wp-json\/wp\/v2\/categories?post=164105"},{"taxonomy":"post_tag","embeddable":true,"href":"https:\/\/watchman.news\/uk\/wp-json\/wp\/v2\/tags?post=164105"}],"curies":[{"name":"wp","href":"https:\/\/api.w.org\/{rel}","templated":true}]}}